{"id":7106,"date":"2018-11-15T08:28:52","date_gmt":"2018-11-15T07:28:52","guid":{"rendered":"http:\/\/niecodziennosc.kubic.info\/index.php\/2018\/11\/15\/portret-mowi\/"},"modified":"2019-05-05T01:42:05","modified_gmt":"2019-05-04T23:42:05","slug":"portret-mowi","status":"publish","type":"post","link":"http:\/\/niecodziennosc.kubic.info\/?p=7106","title":{"rendered":"Portret m\u00f3wi"},"content":{"rendered":"<p>Portret to \u015brodek komunikacji portretowanego z tymi, kt\u00f3rzy b\u0119d\u0105 go ogl\u0105da\u0107. Portretowany, kt\u00f3ry nie bierze pod uwag\u0119 widza, odbiorcy, my\u015bli tylko o tym, jak ja wygl\u0105dam, a nie o tym, co chc\u0119 przekaza\u0107 temu, kto mnie b\u0119dzie ogl\u0105da\u0142, jest egocentrykiem.<\/p>\n<p>Zda\u0142em to sobie spraw\u0119 przy okazji kilku portret\u00f3w, kt\u00f3re wykona\u0142em niedawno. Portretowany wybra\u0142 zdj\u0119cie, kt\u00f3re nie zawiera \u017cadnego pozytywu, nie zawiera niczego.\u00a0Przynajmniej tak stara\u0142 si\u0119 wygl\u0105da\u0107 i do\u015b\u0107 dobrze mu si\u0119 uda\u0142o.<\/p>\n<p>Ale nie to mnie zastanawia. W kilku innych zdj\u0119ciach pr\u00f3bowa\u0142em ociepli\u0107 jego wizerunek i uda\u0142o si\u0119 to &#8211; nieznacznie, ale wi\u0119cej nie trzeba. Na wypranej z emocji, lekko melancholijnej twarzy, pojawi\u0142 si\u0119 gdzie\u015b promyk. Nie do ko\u0144ca wiadomo gdzie, patrz\u0105c &#8211; szukam go, w\u0119druj\u0119 mi\u0119dzy oczyma, ustami, czo\u0142em, patrz\u0119 na policzki. Ta w\u0119dr\u00f3wka jest fascynuj\u0105ca. <\/p>\n<p>Nie zostawi\u0142 mi wyboru. To si\u0119 zdarza, taka praca. Ale jest niezwyk\u0142y spos\u00f3b, w jaki odrzuci\u0142 wszystkie inne zdj\u0119cia z wyj\u0105tkiem tego jednego, pustego. By\u0142y to s\u0142owa nie tylko awersji, ale prawie wstr\u0119tu, mo\u017ce strachu. Pomy\u015bla\u0142em, \u017ce nie my\u015bli o odbiorcach i o tym, \u017ce m\u00f3g\u0142by im da\u0107 co\u015b ciep\u0142ego, co ma w sobie. W zdj\u0119ciu, kt\u00f3re wybra\u0142, jest ignorancja kogo\u015b, kogo spotka on, \u017cywego, samemu b\u0119d\u0105c na fotografii.<\/p>\n<p>Portretowany nie wie, kogo spotka, ale w portrecie wida\u0107, czy chce, pr\u00f3buje, nawi\u0105za\u0107 kontakt, czy obchodzi go tamten cz\u0142owiek. Portret jest tym trudniejszy dla modela, \u017ce nie mo\u017ce on przewidzie\u0107, z kim si\u0119 spotka. Portretowany, gdyby chcia\u0142 pomy\u015ble\u0107 o ludziach, kt\u00f3rzy na niego spojrz\u0105, m\u00f3g\u0142by cho\u0107 pr\u00f3bowa\u0107 dokona\u0107 analizy spo\u0142ecze\u0144stwa, ludzko\u015bci, pomy\u015ble\u0107 o tym, co on my\u015bli o cz\u0142owieku w og\u00f3le. Czy ma co\u015b do dodania do og\u00f3\u0142u? Nawet proste &#8211; czy lubi ludzi, czy w og\u00f3le o nich my\u015bli? Czy my\u015bli tylko o sobie? To wida\u0107 na portrecie. Bardzo du\u017co wida\u0107&#8230;<\/p>\n","protected":false},"excerpt":{"rendered":"<p>Portret to \u015brodek &#8230;<\/p>\n","protected":false},"author":1,"featured_media":0,"comment_status":"open","ping_status":"open","sticky":false,"template":"","format":"standard","meta":{"footnotes":""},"categories":[35,909],"tags":[607,38,70,876],"_links":{"self":[{"href":"http:\/\/niecodziennosc.kubic.info\/index.php?rest_route=\/wp\/v2\/posts\/7106"}],"collection":[{"href":"http:\/\/niecodziennosc.kubic.info\/index.php?rest_route=\/wp\/v2\/posts"}],"about":[{"href":"http:\/\/niecodziennosc.kubic.info\/index.php?rest_route=\/wp\/v2\/types\/post"}],"author":[{"embeddable":true,"href":"http:\/\/niecodziennosc.kubic.info\/index.php?rest_route=\/wp\/v2\/users\/1"}],"replies":[{"embeddable":true,"href":"http:\/\/niecodziennosc.kubic.info\/index.php?rest_route=%2Fwp%2Fv2%2Fcomments&post=7106"}],"version-history":[{"count":1,"href":"http:\/\/niecodziennosc.kubic.info\/index.php?rest_route=\/wp\/v2\/posts\/7106\/revisions"}],"predecessor-version":[{"id":8864,"href":"http:\/\/niecodziennosc.kubic.info\/index.php?rest_route=\/wp\/v2\/posts\/7106\/revisions\/8864"}],"wp:attachment":[{"href":"http:\/\/niecodziennosc.kubic.info\/index.php?rest_route=%2Fwp%2Fv2%2Fmedia&parent=7106"}],"wp:term":[{"taxonomy":"category","embeddable":true,"href":"http:\/\/niecodziennosc.kubic.info\/index.php?rest_route=%2Fwp%2Fv2%2Fcategories&post=7106"},{"taxonomy":"post_tag","embeddable":true,"href":"http:\/\/niecodziennosc.kubic.info\/index.php?rest_route=%2Fwp%2Fv2%2Ftags&post=7106"}],"curies":[{"name":"wp","href":"https:\/\/api.w.org\/{rel}","templated":true}]}}