{"id":7113,"date":"2018-08-31T23:57:45","date_gmt":"2018-08-31T21:57:45","guid":{"rendered":"http:\/\/niecodziennosc.kubic.info\/index.php\/2018\/08\/31\/gdybym-mogl\/"},"modified":"2018-08-31T23:57:45","modified_gmt":"2018-08-31T21:57:45","slug":"gdybym-mogl","status":"publish","type":"post","link":"http:\/\/niecodziennosc.kubic.info\/?p=7113","title":{"rendered":"Gdybym m\u00f3g\u0142&#8230;"},"content":{"rendered":"<p>&#8230;umieraj\u0105c, wyda\u0107 z siebie jedno s\u0142owo, zdanie, wiersz, opowiadanie, miniatur\u0119 muzyczn\u0105, fotografi\u0119, kt\u00f3ra podtrzyma ludzi na duchu i sprawi, \u017ce z jasn\u0105 twarz\u0105 rozpoczn\u0105 kolejny dzie\u0144<\/p>\n<p>wiedz\u0105c, \u017ce kiedy\u015b i tak umr\u0105<\/p>\n<p>to by\u0142oby mistrzostwo<\/p>\n<p>kt\u00f3re nie b\u0119dzie mi dane<\/p>\n","protected":false},"excerpt":{"rendered":"<p>&#8230;umieraj\u0105c, wyda\u0107 z&#8230;<\/p>\n","protected":false},"author":1,"featured_media":0,"comment_status":"open","ping_status":"open","sticky":false,"template":"","format":"standard","meta":{"footnotes":""},"categories":[16],"tags":[413,186],"_links":{"self":[{"href":"http:\/\/niecodziennosc.kubic.info\/index.php?rest_route=\/wp\/v2\/posts\/7113"}],"collection":[{"href":"http:\/\/niecodziennosc.kubic.info\/index.php?rest_route=\/wp\/v2\/posts"}],"about":[{"href":"http:\/\/niecodziennosc.kubic.info\/index.php?rest_route=\/wp\/v2\/types\/post"}],"author":[{"embeddable":true,"href":"http:\/\/niecodziennosc.kubic.info\/index.php?rest_route=\/wp\/v2\/users\/1"}],"replies":[{"embeddable":true,"href":"http:\/\/niecodziennosc.kubic.info\/index.php?rest_route=%2Fwp%2Fv2%2Fcomments&post=7113"}],"version-history":[{"count":0,"href":"http:\/\/niecodziennosc.kubic.info\/index.php?rest_route=\/wp\/v2\/posts\/7113\/revisions"}],"wp:attachment":[{"href":"http:\/\/niecodziennosc.kubic.info\/index.php?rest_route=%2Fwp%2Fv2%2Fmedia&parent=7113"}],"wp:term":[{"taxonomy":"category","embeddable":true,"href":"http:\/\/niecodziennosc.kubic.info\/index.php?rest_route=%2Fwp%2Fv2%2Fcategories&post=7113"},{"taxonomy":"post_tag","embeddable":true,"href":"http:\/\/niecodziennosc.kubic.info\/index.php?rest_route=%2Fwp%2Fv2%2Ftags&post=7113"}],"curies":[{"name":"wp","href":"https:\/\/api.w.org\/{rel}","templated":true}]}}