{"id":7119,"date":"2018-08-04T01:48:02","date_gmt":"2018-08-03T23:48:02","guid":{"rendered":"http:\/\/niecodziennosc.kubic.info\/index.php\/2018\/08\/04\/camping\/"},"modified":"2019-05-05T01:42:05","modified_gmt":"2019-05-04T23:42:05","slug":"camping","status":"publish","type":"post","link":"http:\/\/niecodziennosc.kubic.info\/?p=7119","title":{"rendered":"Camping"},"content":{"rendered":"<p>Spacer wieczorem po campingu. Ciep\u0142a bryza, mrok, nik\u0142e lampy tu i \u00f3wdzie i ludzie siedz\u0105cy tu i \u00f3wdzie, w drobnym \u015bwietle lub mroku. Dzieci graj\u0105 w zbijaka na placu mi\u0119dzy domkami, ledwo wida\u0107 postacie, pi\u0142k\u0119 jeszcze mniej.<\/p>\n<p>Jad\u0105 na camping, pod namiot, gdzie wszystko zale\u017cy od pracy ich r\u0105k. Obok du\u017cych przyczep, ma\u0142e namiociki, jedni zwie\u017ali ca\u0142y dobytek, inni tyle, by przetrwa\u0107. Tymczasowo\u015b\u0107 ludzkich plan\u00f3w, miejsca, posiadania: camping.<\/p>\n<p>Bardzo blisko siebie, udaj\u0105, \u017ce nie patrz\u0105, ale patrz\u0105 przecie\u017c, tylko lepiej lub gorzej si\u0119 z tym kryj\u0105. Wyci\u0105gaj\u0105 macki &#8211; kto pierwszy zagada, wszystko jedno o co, byle spojrze\u0107 w now\u0105 twarz, niezobowi\u0105zuj\u0105co, bo za dzie\u0144, dwa, pi\u0119\u0107 ju\u017c nas tu nie b\u0119dzie. Szansa zostawi\u0107 po sobie dobre wra\u017cenie, nie zepsute d\u0142u\u017csz\u0105 znajomo\u015bci\u0105, zresetowa\u0107 w\u0142asne, zle\u017ca\u0142e b\u0142\u0119dy mi\u0119dzyludzkie, wr\u00f3ci\u0107 z lepszym wizerunkiem siebie. Katharsis na campingu&#65279;.<\/p>\n<p>&#8211;&#8211;&#8211;<\/p>\n<p>Usn\u0105\u0107 w miejscu, kt\u00f3re nie jest moje. Kt\u00f3re zobaczy\u0142em tylko na chwil\u0119 i kt\u00f3rego nigdy ju\u017c nie zobacz\u0119. Ale zostanie we mnie, nawet je\u015bli nie w u\u015bwiadomionych wspomnieniach. To przy\u015bni si\u0119 jeszcze kiedy\u015b, albo rozpoznam je podczas kolejnej wyprawy, do zupe\u0142nie innego miejsca, kraju, u innego, niepodobnego do innych cz\u0142owieka. <\/p>\n","protected":false},"excerpt":{"rendered":"<p>Spacer wieczorem po &#8230;<\/p>\n","protected":false},"author":1,"featured_media":0,"comment_status":"open","ping_status":"open","sticky":false,"template":"","format":"standard","meta":{"footnotes":""},"categories":[27,909],"tags":[867,719,877,532,38,883],"_links":{"self":[{"href":"http:\/\/niecodziennosc.kubic.info\/index.php?rest_route=\/wp\/v2\/posts\/7119"}],"collection":[{"href":"http:\/\/niecodziennosc.kubic.info\/index.php?rest_route=\/wp\/v2\/posts"}],"about":[{"href":"http:\/\/niecodziennosc.kubic.info\/index.php?rest_route=\/wp\/v2\/types\/post"}],"author":[{"embeddable":true,"href":"http:\/\/niecodziennosc.kubic.info\/index.php?rest_route=\/wp\/v2\/users\/1"}],"replies":[{"embeddable":true,"href":"http:\/\/niecodziennosc.kubic.info\/index.php?rest_route=%2Fwp%2Fv2%2Fcomments&post=7119"}],"version-history":[{"count":1,"href":"http:\/\/niecodziennosc.kubic.info\/index.php?rest_route=\/wp\/v2\/posts\/7119\/revisions"}],"predecessor-version":[{"id":8870,"href":"http:\/\/niecodziennosc.kubic.info\/index.php?rest_route=\/wp\/v2\/posts\/7119\/revisions\/8870"}],"wp:attachment":[{"href":"http:\/\/niecodziennosc.kubic.info\/index.php?rest_route=%2Fwp%2Fv2%2Fmedia&parent=7119"}],"wp:term":[{"taxonomy":"category","embeddable":true,"href":"http:\/\/niecodziennosc.kubic.info\/index.php?rest_route=%2Fwp%2Fv2%2Fcategories&post=7119"},{"taxonomy":"post_tag","embeddable":true,"href":"http:\/\/niecodziennosc.kubic.info\/index.php?rest_route=%2Fwp%2Fv2%2Ftags&post=7119"}],"curies":[{"name":"wp","href":"https:\/\/api.w.org\/{rel}","templated":true}]}}