{"id":7129,"date":"2018-04-18T08:49:46","date_gmt":"2018-04-18T06:49:46","guid":{"rendered":"http:\/\/niecodziennosc.kubic.info\/index.php\/2018\/04\/18\/wiesiek-absurdy-i-wiosna\/"},"modified":"2018-04-18T08:49:46","modified_gmt":"2018-04-18T06:49:46","slug":"wiesiek-absurdy-i-wiosna","status":"publish","type":"post","link":"http:\/\/niecodziennosc.kubic.info\/?p=7129","title":{"rendered":"Wiesiek, absurdy i wiosna"},"content":{"rendered":"<p>By\u0142 ciep\u0142y, wiosenny dzie\u0144. Wiesiek zwierzy\u0142 mi si\u0119, \u017ce widzi coraz wi\u0119cej absurd\u00f3w. Wi\u0119cej, ni\u017c kilka lat temu, a ju\u017c zupe\u0142nie wiele w por\u00f3wnaniu do swojej m\u0142odo\u015bci. Troch\u0119 mnie to dziwi, bo podobno najwi\u0119cej absurd\u00f3w widz\u0105 nastolatki, st\u0105d mi\u0119dzy innymi ich bunt. Wiesiek na ten argument odpowiada, \u017ce potem te\u017c si\u0119 widzi absurdy, ale cz\u0142owiek m\u0105drzeje na tyle, \u017ce przestaje o nich m\u00f3wi\u0107. No chyba, \u017ce przynios\u0142oby mu to korzy\u015b\u0107. Ale przewa\u017cnie nie przynosi.<\/p>\n<p>Przewa\u017cnie m\u00f3wienie o absurdach jest niebezpieczne, bo jaki\u015b absurd jest zwi\u0105zany z kim\u015b innym, z kim Wiesiek musi przecie\u017c jako\u015b \u017cy\u0107, szczeg\u00f3lnie po og\u0142oszeniu takiego absurdu. A wtedy \u017cycie z nim staje si\u0119 trudniejsze, o ile w og\u00f3le mo\u017cliwe.<\/p>\n<p>Z kolei Wiesiek potrzebuje ludzi, nawet gdyby m\u00f3g\u0142 dawa\u0107 sobie rad\u0119 zupe\u0142nie sam. Potrzebuje ich cho\u0107by dlatego, \u017ceby mu powiedzieli od czasu do czasu dobre s\u0142owo, czego trudno si\u0119 spodziewa\u0107 po tym, jak Wiesiek ka\u017cdemu z nich u\u015bwiadomi zwi\u0105zane z nimi absurdy.<\/p>\n<p>Tak wi\u0119c z biegiem czasu Wie\u015bkowi jest coraz trudniej, bo widzi coraz wi\u0119cej absurd\u00f3w, ale r\u00f3wnie cz\u0119sto musi si\u0119 powstrzymywa\u0107, czyli coraz cz\u0119\u015bciej. Ta kontradykcja, mam niespokojne przeczucie, zako\u0144czy si\u0119 gwa\u0142townie i niezbyt dobrze dla Wie\u015bka. Bo na ile go znam, przemo\u017cna potrzeba ujawniania absurd\u00f3w w imi\u0119 docierania do prawdy (absolutnej), przewa\u017cy w nim, a nagromadzone emocje znajd\u0105 swoje nag\u0142e uj\u015bcie. By\u0107 mo\u017ce w obliczu staruszki na ulicy, kt\u00f3rej Wiesiek wyka\u017ce kompletn\u0105 absurdalno\u015b\u0107 czegokolwiek, np. dreptania z lask\u0105, po czym staruszce poka\u017c\u0105 si\u0119 \u0142zy w oczach, na co Wiesiek b\u0142yskawicznie zareaguje wyrzutami sumienia, a w dwie sekundy potem staruszka zbierze si\u0119 w sobie i zacznie ok\u0142ada\u0107 Wie\u015bka lask\u0105, na co pod pierwszymi ciosami Wiesiek pomy\u015bli, \u017ce dostaje ca\u0142kiem s\u0142usznie, ale ju\u017c przy dziesi\u0105tym uderzeniu stwierdzi, \u017ce tego ju\u017c za wiele&#65279;, i sczepi\u0105 si\u0119 w jeden k\u0142\u0105b, a wtedy obok przystanie przeje\u017cd\u017caj\u0105cy w absurdalnym przypadku radiow\u00f3z. Wiesiek w lot pojmie, \u017ce przejazd radiowozu w tej uliczce osiedlowej jest kompletnym bezsensem i \u017ce w\u0142a\u015bnie sta\u0142 si\u0119 ofiar\u0105 w\u0142asnych absurd\u00f3w, ale b\u0119dzie za p\u00f3\u017ano.<\/p>\n<p>Po po\u0142udniu dostan\u0119 telefon z komisariatu. B\u0119dzie to znak, \u017ce Wie\u015bkowi zosta\u0142em tylko ja. Jako jedyny b\u0119d\u0119 chcia\u0142 si\u0119 do niego odezwa\u0107, a nawet z\u0142o\u017cy\u0107 por\u0119czenie. Sk\u0105d wiem? Bo to nie pierwszy raz. No chyba, \u017ce tego roku si\u0119 uda. \u017be wiosna minie szybko, drzewa i trawy nie zazieleni\u0105 si\u0119 tak bardzo. Mo\u017ce mniej b\u0119dzie wiosennych burz, kt\u00f3re na Wie\u015bka dzia\u0142aj\u0105 pobudzaj\u0105co. Niech nadejdzie lato, a o absurdach zapomnimy do kolejnej wiosny. \u00a0<\/p>\n","protected":false},"excerpt":{"rendered":"<p>By\u0142 ciep\u0142y, wiosenny &#8230;<\/p>\n","protected":false},"author":1,"featured_media":0,"comment_status":"open","ping_status":"open","sticky":false,"template":"","format":"standard","meta":{"footnotes":""},"categories":[18],"tags":[589,435,224],"_links":{"self":[{"href":"http:\/\/niecodziennosc.kubic.info\/index.php?rest_route=\/wp\/v2\/posts\/7129"}],"collection":[{"href":"http:\/\/niecodziennosc.kubic.info\/index.php?rest_route=\/wp\/v2\/posts"}],"about":[{"href":"http:\/\/niecodziennosc.kubic.info\/index.php?rest_route=\/wp\/v2\/types\/post"}],"author":[{"embeddable":true,"href":"http:\/\/niecodziennosc.kubic.info\/index.php?rest_route=\/wp\/v2\/users\/1"}],"replies":[{"embeddable":true,"href":"http:\/\/niecodziennosc.kubic.info\/index.php?rest_route=%2Fwp%2Fv2%2Fcomments&post=7129"}],"version-history":[{"count":0,"href":"http:\/\/niecodziennosc.kubic.info\/index.php?rest_route=\/wp\/v2\/posts\/7129\/revisions"}],"wp:attachment":[{"href":"http:\/\/niecodziennosc.kubic.info\/index.php?rest_route=%2Fwp%2Fv2%2Fmedia&parent=7129"}],"wp:term":[{"taxonomy":"category","embeddable":true,"href":"http:\/\/niecodziennosc.kubic.info\/index.php?rest_route=%2Fwp%2Fv2%2Fcategories&post=7129"},{"taxonomy":"post_tag","embeddable":true,"href":"http:\/\/niecodziennosc.kubic.info\/index.php?rest_route=%2Fwp%2Fv2%2Ftags&post=7129"}],"curies":[{"name":"wp","href":"https:\/\/api.w.org\/{rel}","templated":true}]}}