{"id":7134,"date":"2018-04-03T22:01:05","date_gmt":"2018-04-03T20:01:05","guid":{"rendered":"http:\/\/niecodziennosc.kubic.info\/index.php\/2018\/04\/03\/wprawki-z-dokumentu\/"},"modified":"2019-05-05T01:42:06","modified_gmt":"2019-05-04T23:42:06","slug":"wprawki-z-dokumentu","status":"publish","type":"post","link":"http:\/\/niecodziennosc.kubic.info\/?p=7134","title":{"rendered":"Wprawki z dokumentu"},"content":{"rendered":"<p>Nagra\u0142em materia\u0142 wideo o powstaniu &#8222;Wolnej przestrzeni&#8221; &#8211; nowego miejsca, gdzie mog\u0105 spotyka\u0107 si\u0119 ludzie, kt\u00f3rzy nie znale\u017ali zrozumienia w spo\u0142eczno\u015bci, w kt\u00f3rej dotychczas dzia\u0142ali, funkcjonowali. Powstanie &#8222;Wolnej przestrzeni&#8221; wi\u0105\u017ce si\u0119 z nadziejami, oczekiwaniami, otwarciem nowej drogi &#8211; s\u0105 tu uczucia fascynacji, ekscytacji, wolno\u015bci, ulgi, wytchnienia, uspokojenia&#8230; Ale jednocze\u015bnie jest obecne napi\u0119cie &#8211; czy miejsce zacznie \u017cy\u0107 swoim \u017cyciem, jak powstanie &#8222;Wolnej przestrzeni&#8221; zostanie odebrane przez pozosta\u0142\u0105 cz\u0119\u015b\u0107 spo\u0142eczno\u015bci &#8211; czy reszta odczyta to jako separacj\u0119, odrzucenie dotychczasowych wi\u0119zi, bunt, dezaprobat\u0119, rebeli\u0119.<\/p>\n<p>Przegl\u0105dam nagrany materia\u0142. Jak na reporta\u017c, mog\u0142oby co\u015b by\u0107. Jak na film dokumentalny &#8211; to prawie nic, jeszcze nic. Istota problemu ujawnia si\u0119 w wywiadach &#8211; w tym, co m\u00f3wi\u0105 do kamery r\u00f3\u017cne postaci. Do wywiad\u00f3w dodatkiem mog\u0105 by\u0107 uj\u0119cia z pierwszych zaj\u0119\u0107 w &#8222;Wolnej przestrzeni&#8221; &#8211; pr\u00f3ba zespo\u0142u muzycznego, ch\u00f3ru, zaj\u0119cia z dzie\u0107mi, dyskusja nad tekstem jednego z psalm\u00f3w.<\/p>\n<p>W momencie, kiedy pisz\u0119 te s\u0142owa, zdaj\u0119 sobie spraw\u0119, \u017ce nie mam opinii drugiej strony &#8211; tych, kt\u00f3rzy nie byliby zadowoleni z powstania &#8222;Wolnej przestrzeni&#8221;. Materia\u0142 mo\u017ce nadaje si\u0119 na reporta\u017c, ale nie na dokument, kt\u00f3ry analizowa\u0142by g\u0142\u0119biej sytuacj\u0119.<\/p>\n<p>Z drugiej strony &#8211; korzenie problemu si\u0119gaj\u0105 g\u0142\u0119boko &#8211; u ludzi i w histori\u0119 co najmniej kilkudziesi\u0119cioletni\u0105. Tak wi\u0119c, tak czy inaczej, gdzie\u015b musia\u0142bym si\u0119 w tej analizie, w si\u0119ganiu do g\u0142\u0119bi, zatrzyma\u0107. <\/p>\n<p>Uczucie, kt\u00f3re mam &#8211; niewiedzy. Mam materia\u0142, przegl\u0105dam go, sortuj\u0119, uk\u0142adam, pr\u00f3buj\u0119 wyci\u0105ga\u0107 najwa\u017cniejsze w\u0105tki, pojedyncze zdania, kt\u00f3re zbli\u017caj\u0105 si\u0119 do sedna. Ale czuj\u0119, \u017ce sam niewiele wiem, mo\u017ce nawet &#8211; \u017ce nic nie wiem. To przera\u017caj\u0105ce, bo cz\u0142owieku, co z tego, \u017ce opanowa\u0142e\u015b jako\u015b kamer\u0119, jeste\u015b \u015bwiadomy dziesi\u0105tk\u00f3w parametr\u00f3w, nad kt\u00f3rymi powiniene\u015b panowa\u0107, \u017ce jako\u015b umiesz kadrowa\u0107, prowadzi\u0107 go, o\u015bwietli\u0107 scen\u0119, wiesz jak sensownie nagra\u0107 d\u017awi\u0119k, i tak dalej i dalej. Ale chcia\u0142by\u015b by\u0107 jeszcze re\u017cyserem, kt\u00f3ry nadaje temu wszystkiemu sens, bez kt\u00f3rego ca\u0142a ta drobiazgowa robota b\u0119dzie tylko wprawk\u0105, zabaw\u0105&#8230; A innej drogi nie ma, jak stawi\u0107 czo\u0142o w\u0142asnej niewiedzy i przera\u017ceniu. A nawet zaprzyja\u017ani\u0107 si\u0119 z tymi uczuciami, powiedzie\u0107 sobie &#8211; one b\u0119d\u0105 i b\u0119d\u0105. <\/p>\n","protected":false},"excerpt":{"rendered":"<p>Nagra\u0142em materia\u0142 &#8230;<\/p>\n","protected":false},"author":1,"featured_media":0,"comment_status":"open","ping_status":"open","sticky":false,"template":"","format":"standard","meta":{"footnotes":""},"categories":[50,909],"tags":[867,877,38,70,357],"_links":{"self":[{"href":"http:\/\/niecodziennosc.kubic.info\/index.php?rest_route=\/wp\/v2\/posts\/7134"}],"collection":[{"href":"http:\/\/niecodziennosc.kubic.info\/index.php?rest_route=\/wp\/v2\/posts"}],"about":[{"href":"http:\/\/niecodziennosc.kubic.info\/index.php?rest_route=\/wp\/v2\/types\/post"}],"author":[{"embeddable":true,"href":"http:\/\/niecodziennosc.kubic.info\/index.php?rest_route=\/wp\/v2\/users\/1"}],"replies":[{"embeddable":true,"href":"http:\/\/niecodziennosc.kubic.info\/index.php?rest_route=%2Fwp%2Fv2%2Fcomments&post=7134"}],"version-history":[{"count":1,"href":"http:\/\/niecodziennosc.kubic.info\/index.php?rest_route=\/wp\/v2\/posts\/7134\/revisions"}],"predecessor-version":[{"id":8874,"href":"http:\/\/niecodziennosc.kubic.info\/index.php?rest_route=\/wp\/v2\/posts\/7134\/revisions\/8874"}],"wp:attachment":[{"href":"http:\/\/niecodziennosc.kubic.info\/index.php?rest_route=%2Fwp%2Fv2%2Fmedia&parent=7134"}],"wp:term":[{"taxonomy":"category","embeddable":true,"href":"http:\/\/niecodziennosc.kubic.info\/index.php?rest_route=%2Fwp%2Fv2%2Fcategories&post=7134"},{"taxonomy":"post_tag","embeddable":true,"href":"http:\/\/niecodziennosc.kubic.info\/index.php?rest_route=%2Fwp%2Fv2%2Ftags&post=7134"}],"curies":[{"name":"wp","href":"https:\/\/api.w.org\/{rel}","templated":true}]}}