{"id":7136,"date":"2018-03-27T01:57:36","date_gmt":"2018-03-26T23:57:36","guid":{"rendered":"http:\/\/niecodziennosc.kubic.info\/index.php\/2018\/03\/27\/ani-jeden-samochod\/"},"modified":"2018-03-27T01:57:36","modified_gmt":"2018-03-26T23:57:36","slug":"ani-jeden-samochod","status":"publish","type":"post","link":"http:\/\/niecodziennosc.kubic.info\/?p=7136","title":{"rendered":"Ani jeden samoch\u00f3d"},"content":{"rendered":"<p>Niedziela. Noc. Od pi\u0119tnastu minut nie przejecha\u0142 ani jeden samoch\u00f3d. Mo\u017ce d\u0142u\u017cej. Czy miasteczko zamar\u0142o, mo\u017ce \u015bwiat si\u0119 sko\u0144czy\u0142, a Wiesiek nic o tym nie wie. Siedzi w swoim pokoju, le\u017cy w swoim \u0142\u00f3\u017cku, m\u00f3g\u0142by ju\u017c spa\u0107, przymierza si\u0119 do spania, zaraz b\u0119dzie spa\u0142. A nie wie.<\/p>\n<p>Zaraz! Teraz co\u015b s\u0142ycha\u0107! Niewyra\u017anie&#8230; Mo\u017ce przelatuj\u0105cy samolot&#8230;<\/p>\n<p>Teraz wreszcie ci\u0119\u017car\u00f3wka&#8230;<\/p>\n<p>Wiesiek odwraca si\u0119 nieznacznie, w po\u015bcieli. Chcia\u0142by z\u0142o\u017cy\u0107 ho\u0142d temu, kto wynalaz\u0142 \u0142\u00f3\u017cko, a potem z\u0142o\u017cy\u0107 ho\u0142d sobie, \u017ce teraz le\u017cy w wynalazku, i naprawd\u0119 nic nie robi, tylko nas\u0142uchuje odg\u0142os\u00f3w miasteczka.<\/p>\n<p>Si\u0119ga pami\u0119ci\u0105 lata wstecz, gdy k\u0142ad\u0142 si\u0119 o p\u00f3\u0142nocy wiedz\u0105c, \u017ce do rana nie odetchnie. Nie przestan\u0105 goni\u0107 jego my\u015bli, \u017ce kilka godzin minie tak szybko jak parzenie herbaty, na kt\u00f3re w ci\u0105gu dnia nie mia\u0142 czasu. \u017be rano nie poczuje ulgi. Wiesiek czeka\u0142 tylko na jedno marzenie senne, by przy\u015bni\u0142a mu si\u0119 podr\u00f3\u017c do miejsca, w kt\u00f3rych nigdy nie by\u0142. &#8222;Kiedy\u015b tak nie b\u0119dzie&#8221; &#8211; my\u015bla\u0142 &#8211; &#8222;kiedy\u015b nie b\u0119d\u0119 prosi\u0142 o jeden sen, bo sny b\u0119d\u0105 mi si\u0119 \u015bni\u0107 na jawie, moje \u017cycie b\u0119dzie pi\u0119knym snem&#8221;.<\/p>\n<p>Ten moment nie nadchodzi\u0142. Sko\u0144czy\u0142 studia, obroni\u0142 dyplom, za\u0142o\u017cy\u0142 rodzin\u0119&#8230; gonitwa pozosta\u0142a. Wiesiek nie wiedzia\u0142, \u017ce przez lata ci\u0105gni\u0119cia dw\u00f3ch szk\u00f3\u0142, swoich fascynacji i \u017cycia towarzyskiego, wpad\u0142 w rytm, kt\u00f3ry go upaja\u0142 i zniewala\u0142. Chcia\u0142 spokoju wtedy, gdy p\u0119tla zaciska\u0142a si\u0119 na dobre, lecz kiedy tempo \u017cycia opada\u0142o, pojawiaj\u0105ce si\u0119 wolne chwile zape\u0142nia\u0142 kolejnymi zadaniami. Pobyt w \u0142\u00f3\u017cku, sen, wydawa\u0142 mu si\u0119 strat\u0105 czasu. Podobnie posi\u0142ki. Z tym, \u017ce podczas jedzenia mo\u017cna r\u00f3wnolegle si\u0119 czym\u015b zaj\u0105\u0107.<\/p>\n<p>Jak to si\u0119 sta\u0142o, \u017ce Wiesiek otrze\u017awia\u0142? Zachorowa\u0142. Ha ha, ale proste, prawda? Zachorowa\u0142 i to nie raz, a jedna z chor\u00f3b pozosta\u0142a z nim na dobre. Na zawsze. No nie przesadzajmy &#8211; tylko do \u015bmierci. Wiesiek stosowa\u0142 r\u00f3\u017cne metody, \u017ceby i o niej zapomnie\u0107, ale ona si\u0119 przypomina; najskuteczniej wtedy, gdy Wiesiek leci nad lasami i polami, upojony wolno\u015bci\u0105, wstrz\u0105saj\u0105c posadami \u015bwiata, jego \u015bwiata, w\u0142asnego, wewn\u0119trznego, wyobra\u017conego. Zaraz po tym wstrz\u0105sy przenosz\u0105 si\u0119 na jego \u015bwiat rodzinny, a chwile ko\u0144czy upadek Ikara, niekiedy zwijaj\u0105cego si\u0119 w konwulsjach. Nie, Wiesiek jeszcze nie umiera, ale staje si\u0119 cichy, spokojny. Na tydzie\u0144, dwa, mo\u017ce trzy.<\/p>\n<p>Powiedzmy to inaczej &#8211; Wiesiek nie otrze\u017awia\u0142 &#8211; tylko dosta\u0142 hamulec. Czasem mo\u017ce co\u015b mu za\u015bwita, przyjdzie do g\u0142owy, \u017ceby po\u0142o\u017cy\u0107 si\u0119 wcze\u015bniej, zanim ca\u0142kiem padnie. A wtedy le\u017cy, bez ksi\u0105\u017cki, smartfona, bez nagra\u0144 audiobook\u00f3w i film\u00f3w dokumentalnych. I s\u0142ucha, czy ulic\u0105 przeje\u017cd\u017caj\u0105 samochody. Tak samo s\u0142ucha\u0142, gdy mia\u0142 pi\u0119\u0107 lat, nie m\u00f3g\u0142 zasn\u0105\u0107, a dziadek nie przyszed\u0142, \u017ceby opowiedzie\u0107 histori\u0119 o tym, \u017ce kosmonauci polecieli na Ksi\u0119\u017cyc i zabrak\u0142o im tlenu&#8230;<\/p>\n<p><img fetchpriority=\"high\" decoding=\"async\" src=\"wp-content\/uploads\/2019\/03\/WP_20140622_013fotPiotrKubic.jpg\" alt=\"W trawie\" width=\"500\" height=\"250\" \/><\/p>\n<p>&#65279;<\/p>\n","protected":false},"excerpt":{"rendered":"<p>Niedziela. Noc. Od &#8230;<\/p>\n","protected":false},"author":1,"featured_media":0,"comment_status":"open","ping_status":"open","sticky":false,"template":"","format":"standard","meta":{"footnotes":""},"categories":[50],"tags":[413,532,327,224,551],"_links":{"self":[{"href":"http:\/\/niecodziennosc.kubic.info\/index.php?rest_route=\/wp\/v2\/posts\/7136"}],"collection":[{"href":"http:\/\/niecodziennosc.kubic.info\/index.php?rest_route=\/wp\/v2\/posts"}],"about":[{"href":"http:\/\/niecodziennosc.kubic.info\/index.php?rest_route=\/wp\/v2\/types\/post"}],"author":[{"embeddable":true,"href":"http:\/\/niecodziennosc.kubic.info\/index.php?rest_route=\/wp\/v2\/users\/1"}],"replies":[{"embeddable":true,"href":"http:\/\/niecodziennosc.kubic.info\/index.php?rest_route=%2Fwp%2Fv2%2Fcomments&post=7136"}],"version-history":[{"count":0,"href":"http:\/\/niecodziennosc.kubic.info\/index.php?rest_route=\/wp\/v2\/posts\/7136\/revisions"}],"wp:attachment":[{"href":"http:\/\/niecodziennosc.kubic.info\/index.php?rest_route=%2Fwp%2Fv2%2Fmedia&parent=7136"}],"wp:term":[{"taxonomy":"category","embeddable":true,"href":"http:\/\/niecodziennosc.kubic.info\/index.php?rest_route=%2Fwp%2Fv2%2Fcategories&post=7136"},{"taxonomy":"post_tag","embeddable":true,"href":"http:\/\/niecodziennosc.kubic.info\/index.php?rest_route=%2Fwp%2Fv2%2Ftags&post=7136"}],"curies":[{"name":"wp","href":"https:\/\/api.w.org\/{rel}","templated":true}]}}