{"id":7138,"date":"2018-03-23T23:12:38","date_gmt":"2018-03-23T22:12:38","guid":{"rendered":"http:\/\/niecodziennosc.kubic.info\/index.php\/2018\/03\/23\/potwornie-rozczarowany\/"},"modified":"2019-05-05T01:42:06","modified_gmt":"2019-05-04T23:42:06","slug":"potwornie-rozczarowany","status":"publish","type":"post","link":"http:\/\/niecodziennosc.kubic.info\/?p=7138","title":{"rendered":"Potwornie rozczarowany"},"content":{"rendered":"<p>Trudno wyrazi\u0107&#8230; <br \/>Upadaj\u0105 moje autorytety&#8230; <br \/>Tak trudno si\u0119 pogodzi\u0107 z tym, \u017ce kto\u015b jest gorszy ni\u017c si\u0119 my\u015bla\u0142o, \u017ce nie rozumie, nie daje rady. Zaraz zaraz &#8211; niedawanie rady to nie jest pow\u00f3d do rozczarowania. Powodem jest, gdy kto\u015b nie daje rady i nie widzi tego, \u017ce nie daje rady, przeciwnie, twierdzi, \u017ce \u015bwietnie daje rad\u0119.<\/p>\n<p>Nie wiem, co wtedy ze sob\u0105 zrobi\u0107. Trzeba u\u0142o\u017cy\u0107 wizj\u0119 tych ludzi na nowo&#8230; Zaakceptowa\u0107. Tylko dlaczego to takie trudne? Co mnie w ko\u0144cu obchodzi jaki\u015b inny cz\u0142owiek, przecie\u017c wszyscy jeste\u015bmy u\u0142omni, nie umiemy, nie dajemy rady. Ale to nie jest inny cz\u0142owiek, to kto\u015b niedaleki, bliski, zwi\u0105zany. <\/p>\n<p>Pora\u017ck\u0105 jest my\u015blenie o sobie lepiej ni\u017c jest w rzeczywisto\u015bci. To jest \u017ca\u0142osne! <\/p>\n<p>Ale&#8230; dlaczego \u017ca\u0142osne? Tak ma chyba wi\u0119kszo\u015b\u0107 ludzi na \u015bwiecie. Wystarczy ten fakt przyj\u0105\u0107 do wiadomo\u015bci i przestawi\u0107 prze\u0142\u0105cznik w g\u0142owie, pstryk, gotowe. Od teraz mnie to nie rusza.<\/p>\n<p>Ale fakt, \u017ce ma tak wi\u0119kszo\u015b\u0107 ludzi nie usprawiedliwia zjawiska, ono dalej mo\u017ce by\u0107 \u017ca\u0142osne. Wi\u0119c jednak&#8230;<\/p>\n<p>A mo\u017ce ze mn\u0105 co\u015b si\u0119 sta\u0142o. Dlaczego przez lata nie widzia\u0142em tego, co widz\u0119 teraz? Mo\u017ce co\u015b poprzestawia\u0142o mi si\u0119 w neuronach, przewr\u00f3ci\u0142o mi si\u0119 w g\u0142owie, woda sodowa uderzy\u0142a?<\/p>\n<p>Co zrobi\u0107, jaki znale\u017a\u0107 wsp\u00f3lny mianownik, do kt\u00f3rego mo\u017cna by sprowadzi\u0107 ludzkie postawy, taki, w kt\u00f3rym nikt nie stwierdzi, \u017ce zosta\u0142 kopni\u0119ty i samemu nie poczuje si\u0119 b\u00f3lu. <\/p>\n","protected":false},"excerpt":{"rendered":"<p>Trudno wyrazi\u0107&#8230;&#8230;<\/p>\n","protected":false},"author":1,"featured_media":0,"comment_status":"open","ping_status":"open","sticky":false,"template":"","format":"standard","meta":{"footnotes":""},"categories":[16,909],"tags":[38],"_links":{"self":[{"href":"http:\/\/niecodziennosc.kubic.info\/index.php?rest_route=\/wp\/v2\/posts\/7138"}],"collection":[{"href":"http:\/\/niecodziennosc.kubic.info\/index.php?rest_route=\/wp\/v2\/posts"}],"about":[{"href":"http:\/\/niecodziennosc.kubic.info\/index.php?rest_route=\/wp\/v2\/types\/post"}],"author":[{"embeddable":true,"href":"http:\/\/niecodziennosc.kubic.info\/index.php?rest_route=\/wp\/v2\/users\/1"}],"replies":[{"embeddable":true,"href":"http:\/\/niecodziennosc.kubic.info\/index.php?rest_route=%2Fwp%2Fv2%2Fcomments&post=7138"}],"version-history":[{"count":1,"href":"http:\/\/niecodziennosc.kubic.info\/index.php?rest_route=\/wp\/v2\/posts\/7138\/revisions"}],"predecessor-version":[{"id":8875,"href":"http:\/\/niecodziennosc.kubic.info\/index.php?rest_route=\/wp\/v2\/posts\/7138\/revisions\/8875"}],"wp:attachment":[{"href":"http:\/\/niecodziennosc.kubic.info\/index.php?rest_route=%2Fwp%2Fv2%2Fmedia&parent=7138"}],"wp:term":[{"taxonomy":"category","embeddable":true,"href":"http:\/\/niecodziennosc.kubic.info\/index.php?rest_route=%2Fwp%2Fv2%2Fcategories&post=7138"},{"taxonomy":"post_tag","embeddable":true,"href":"http:\/\/niecodziennosc.kubic.info\/index.php?rest_route=%2Fwp%2Fv2%2Ftags&post=7138"}],"curies":[{"name":"wp","href":"https:\/\/api.w.org\/{rel}","templated":true}]}}