{"id":7139,"date":"2018-03-11T00:11:14","date_gmt":"2018-03-10T23:11:14","guid":{"rendered":"http:\/\/niecodziennosc.kubic.info\/index.php\/2018\/03\/11\/nic-nie-wiem\/"},"modified":"2018-03-11T00:11:14","modified_gmt":"2018-03-10T23:11:14","slug":"nic-nie-wiem","status":"publish","type":"post","link":"http:\/\/niecodziennosc.kubic.info\/?p=7139","title":{"rendered":"Nic nie wiem"},"content":{"rendered":"<p>Mam napisa\u0107 scenariusz filmu dokumentalnego. Kwestia wydaje si\u0119 tym prostsza, im mniej si\u0119 na ten temat wie i im ni\u017csze ma si\u0119 aspiracje. Ale czytaj\u0105c o tym, czym charakteryzuje si\u0119 film dokumentalny, taki ambitniejszy, nie z tej najni\u017cszej p\u00f3\u0142ki, zaczynam czu\u0107 na sobie jakby przymus,\u00a0 obowi\u0105zek. A obowi\u0105zek parali\u017cuje, albo, co najmniej, prowokuje sztuczno\u015b\u0107. Mo\u017ce warto za\u0142o\u017cy\u0107, \u017ce wy\u017cej siebie nie przeskocz\u0119, \u017ce jest jak jest, i pogodzi\u0107 si\u0119 z tym, \u017ce wyjdzie jak wyjdzie. Byle zrobi\u0107 co\u015b, zamiast nie robi\u0107 nic, zastanawia\u0107 si\u0119, przymierza\u0107, dywagowa\u0107 bez ko\u0144ca.<\/p>\n<p>Jest takie zjawisko, w kt\u00f3rym du\u017ca ilo\u015b\u0107 wch\u0142anianej teorii przeszkadza. Przeszkadza r\u00f3wnie\u017c nadmiar dobrych przyk\u0142ad\u00f3w, na pewnym etapie. Inspiracj\u0119 trzeba sobie dawkowa\u0107, nadmiar inspiracji wp\u0119dza w kompleksy. One mo\u017ce nie by\u0142yby z\u0142e, gdyby nie hamowa\u0142y, blokowa\u0142y to, co najwa\u017cniejsze &#8211; po prostu prac\u0119 i po prostu w\u0142asne, wewn\u0119trzne przekonanie, wizj\u0119, bez kt\u00f3rych najwi\u0119ksza praca traci sens. <\/p>\n<p>Wierz\u0119, \u017ce burza mo\u017ce poprzedza\u0107 wyciszenie i spok\u00f3j. \u017be poczucie rozbicia, niemocy, znikomo\u015bci, braku umiej\u0119tno\u015bci, pustki, mo\u017ce by\u0107 subiektywne, tymczasowe, wynik\u0142e z przyt\u0142oczenia tym, czego si\u0119 ostatnio dowiedzia\u0142em, co pozna\u0142em &#8211; \u015bwietne przyk\u0142ady \u015bwietnych ludzi, kt\u00f3rzy wykonali \u015bwietn\u0105 prac\u0119. Lecz przecie\u017c nie wszystkie ich prace by\u0142y \u015bwietne, moje te\u017c nie musz\u0105 takie by\u0107. Byle by by\u0142y. \u017beby co\u015b stworzy\u0107, cz\u0119sto wcze\u015bniej przychodzi odczu\u0107 ot\u0119pienie, niemoc, ja\u0142owizn\u0119. <\/p>\n","protected":false},"excerpt":{"rendered":"<p>Mam napisa\u0107 &#8230;<\/p>\n","protected":false},"author":1,"featured_media":0,"comment_status":"open","ping_status":"open","sticky":false,"template":"","format":"standard","meta":{"footnotes":""},"categories":[27],"tags":[70],"_links":{"self":[{"href":"http:\/\/niecodziennosc.kubic.info\/index.php?rest_route=\/wp\/v2\/posts\/7139"}],"collection":[{"href":"http:\/\/niecodziennosc.kubic.info\/index.php?rest_route=\/wp\/v2\/posts"}],"about":[{"href":"http:\/\/niecodziennosc.kubic.info\/index.php?rest_route=\/wp\/v2\/types\/post"}],"author":[{"embeddable":true,"href":"http:\/\/niecodziennosc.kubic.info\/index.php?rest_route=\/wp\/v2\/users\/1"}],"replies":[{"embeddable":true,"href":"http:\/\/niecodziennosc.kubic.info\/index.php?rest_route=%2Fwp%2Fv2%2Fcomments&post=7139"}],"version-history":[{"count":0,"href":"http:\/\/niecodziennosc.kubic.info\/index.php?rest_route=\/wp\/v2\/posts\/7139\/revisions"}],"wp:attachment":[{"href":"http:\/\/niecodziennosc.kubic.info\/index.php?rest_route=%2Fwp%2Fv2%2Fmedia&parent=7139"}],"wp:term":[{"taxonomy":"category","embeddable":true,"href":"http:\/\/niecodziennosc.kubic.info\/index.php?rest_route=%2Fwp%2Fv2%2Fcategories&post=7139"},{"taxonomy":"post_tag","embeddable":true,"href":"http:\/\/niecodziennosc.kubic.info\/index.php?rest_route=%2Fwp%2Fv2%2Ftags&post=7139"}],"curies":[{"name":"wp","href":"https:\/\/api.w.org\/{rel}","templated":true}]}}