{"id":7142,"date":"2018-02-24T10:14:51","date_gmt":"2018-02-24T09:14:51","guid":{"rendered":"http:\/\/niecodziennosc.kubic.info\/index.php\/2018\/02\/24\/facebook-filtruje-to-co-widze-nieladnie\/"},"modified":"2019-05-05T01:42:06","modified_gmt":"2019-05-04T23:42:06","slug":"facebook-filtruje-to-co-widze-nieladnie","status":"publish","type":"post","link":"http:\/\/niecodziennosc.kubic.info\/?p=7142","title":{"rendered":"Facebook filtruje to, co widz\u0119, nie\u0142adnie&#8230;!"},"content":{"rendered":"<div data-contents=\"true\">\n<div data-block=\"true\" data-editor=\"65lhc\" data-offset-key=\"4rpe6-0-0\">\n<div class=\"_1mf _1mj\" data-offset-key=\"4rpe6-0-0\"><span data-offset-key=\"4rpe6-0-0\"><span data-offset-key=\"4rpe6-0-0\"><span data-text=\"true\"><\/span><\/span><\/span><span data-offset-key=\"4rpe6-0-0\"><span data-text=\"true\"><span data-offset-key=\"75m2i-0-0\"><span data-text=\"true\"><span><span data-offset-key=\"11r08-0-0\"><span data-text=\"true\">Czasem co\u015b opublikujesz i zastanawiasz si\u0119, dlaczego Twoim znajomym si\u0119 to nie podoba. Ma\u0142o lajk\u00f3w, brak komentarzy. Tymczasem oni mog\u0119 tego po prostu nie widzie\u0107. Twoi przyjaciele i znajomi przestali by\u0107 tymi, kt\u00f3rych znasz, bo mi\u0119dzy Wami stoi&#8230;. Facebook. <\/span><\/span><\/span><\/span><\/span>&#65279;<\/p>\n<p>Zacz\u0105\u0142em mie\u0107 wra\u017cenie, \u017ce Facebook nie wy\u015bwietla wszystkiego co publikuj\u0105 moi znajomi. Ba, post\u00f3w niekt\u00f3rych znajomych nie widzia\u0142em od miesi\u0119cy! I rzeczywi\u015bcie! Oto co jest napisane w <a href=\"https:\/\/www.facebook.com\/help\/218728138156311?helpref=related\">centrum pomocy<\/a>: &#8222;Mo\u017cesz wy\u015bwietla\u0107 zdarzenia w kolejno\u015bci od najnowszego do najstarszego, jednak ostatecznie aktualno\u015bci powr\u00f3c\u0105 do ustawie\u0144 domy\u015blnych.&#8221; <\/span><\/span><\/div>\n<\/div>\n<div data-block=\"true\" data-editor=\"65lhc\" data-offset-key=\"cvsju-0-0\">\n<div class=\"_1mf _1mj\" data-offset-key=\"cvsju-0-0\"><span data-offset-key=\"cvsju-0-0\"><br data-text=\"true\" \/><\/span><\/div>\n<\/div>\n<div data-block=\"true\" data-editor=\"65lhc\" data-offset-key=\"5l0j1-0-0\">\n<div class=\"_1mf _1mj\" data-offset-key=\"5l0j1-0-0\"><span data-offset-key=\"5l0j1-0-0\"><span data-text=\"true\">Co to s\u0105 &#8222;ustawienia domy\u015blne&#8221;? To ustawienia, w kt\u00f3rych Facebook wy\u015bwietla &#8222;najciekawsze&#8221; posty. Kto decyduje o tym, co jest najciekawsze? Facebook. I wi\u0119cej &#8211; <strong>nie da si\u0119 na sta\u0142e ustawi\u0107 wy\u015bwietlania post\u00f3w wg kolejno\u015bci ich publikowania<\/strong>. Czyli Facebook filtruje wg swojego upodobania to, co mam szans\u0119 zobaczy\u0107. Je\u015bli Facebook &#8222;stwierdzi&#8221;, \u017ce posty niekt\u00f3rych znajomych s\u0105 nieciekawe, nie zobacz\u0119 ich. <\/span><\/span><\/div>\n<\/div>\n<div data-block=\"true\" data-editor=\"65lhc\" data-offset-key=\"28fqd-0-0\">\n<div class=\"_1mf _1mj\" data-offset-key=\"28fqd-0-0\"><span data-offset-key=\"28fqd-0-0\"><br data-text=\"true\" \/><\/span><\/div>\n<\/div>\n<div data-block=\"true\" data-editor=\"65lhc\" data-offset-key=\"75m2i-0-0\">\n<div class=\"_1mf _1mj\" data-offset-key=\"75m2i-0-0\"><span data-offset-key=\"75m2i-0-0\"><span data-text=\"true\">Przyznam, \u017ce jeszcze bardziej och\u0142\u00f3d\u0142 m\u00f3j stosunek do Facebooka. Chc\u0119 sam wybiera\u0107 to, co widz\u0119 i czytam. To zwyczajna manipulacja, kt\u00f3r\u0105 Facebook wchodzi mi\u0119dzy mnie i moich znajomych, przyjaci\u00f3\u0142. R\u0119ce precz <\/span><\/span><\/div>\n<p><span data-offset-key=\"75m2i-0-0\"><span><\/span><\/span><\/div>\n<\/div>\n","protected":false},"excerpt":{"rendered":"<div ... \n\n","protected":false},"author":1,"featured_media":0,"comment_status":"open","ping_status":"open","sticky":false,"template":"","format":"standard","meta":{"footnotes":""},"categories":[909,24],"tags":[607,38,881],"_links":{"self":[{"href":"http:\/\/niecodziennosc.kubic.info\/index.php?rest_route=\/wp\/v2\/posts\/7142"}],"collection":[{"href":"http:\/\/niecodziennosc.kubic.info\/index.php?rest_route=\/wp\/v2\/posts"}],"about":[{"href":"http:\/\/niecodziennosc.kubic.info\/index.php?rest_route=\/wp\/v2\/types\/post"}],"author":[{"embeddable":true,"href":"http:\/\/niecodziennosc.kubic.info\/index.php?rest_route=\/wp\/v2\/users\/1"}],"replies":[{"embeddable":true,"href":"http:\/\/niecodziennosc.kubic.info\/index.php?rest_route=%2Fwp%2Fv2%2Fcomments&post=7142"}],"version-history":[{"count":1,"href":"http:\/\/niecodziennosc.kubic.info\/index.php?rest_route=\/wp\/v2\/posts\/7142\/revisions"}],"predecessor-version":[{"id":8877,"href":"http:\/\/niecodziennosc.kubic.info\/index.php?rest_route=\/wp\/v2\/posts\/7142\/revisions\/8877"}],"wp:attachment":[{"href":"http:\/\/niecodziennosc.kubic.info\/index.php?rest_route=%2Fwp%2Fv2%2Fmedia&parent=7142"}],"wp:term":[{"taxonomy":"category","embeddable":true,"href":"http:\/\/niecodziennosc.kubic.info\/index.php?rest_route=%2Fwp%2Fv2%2Fcategories&post=7142"},{"taxonomy":"post_tag","embeddable":true,"href":"http:\/\/niecodziennosc.kubic.info\/index.php?rest_route=%2Fwp%2Fv2%2Ftags&post=7142"}],"curies":[{"name":"wp","href":"https:\/\/api.w.org\/{rel}","templated":true}]}}