{"id":7148,"date":"2018-01-23T00:50:54","date_gmt":"2018-01-22T23:50:54","guid":{"rendered":"http:\/\/niecodziennosc.kubic.info\/index.php\/2018\/01\/23\/spadl-snieg\/"},"modified":"2019-05-05T01:42:06","modified_gmt":"2019-05-04T23:42:06","slug":"spadl-snieg","status":"publish","type":"post","link":"http:\/\/niecodziennosc.kubic.info\/?p=7148","title":{"rendered":"Spad\u0142 \u015bnieg"},"content":{"rendered":"<p>I utrzymuje si\u0119 ju\u017c trzeci dzie\u0144! Cud prawdziwy! Nawet skrzypi pod stopami, ale lekko, nie tak, jak przy wi\u0119kszych mrozach. Za to trzeszcz\u0105 zamarzni\u0119te ka\u0142u\u017ce, cienkie tafelki pokrywaj\u0105ce kostk\u0119 brukow\u0105, gdzieniegdzie pod drzewami, w cieniu, gdzie rzadko zagl\u0105da zimowe, i tak liche s\u0142o\u0144ce.<\/p>\n<p>Ale s\u0142o\u0144ce nie takie liche nawet. Przeja\u015bnia si\u0119, konary, pnie, ga\u0142\u0119zie drzew dostaj\u0105 od promieni kontrastu, zw\u0142aszcza, \u017ce jeszcze przypr\u00f3szone \u015bniegiem.<\/p>\n<p>\u015anieg zas\u0142uguje na uwag\u0119, jest hitem, przy\u0107miewaj\u0105c dyskusje nad nowym facebookiem oraz nad sposobem prowadzenia kaza\u0144 ewangelicznych. \u015anieg mo\u017ce by\u0107 te\u017c modlitw\u0105, o kt\u00f3rej opowiada\u0142 m\u00f3wca, jakiego poprzednio wspomina\u0142em. Skoro sam przyzna\u0142, \u017ce modlitwa nie wymaga s\u0142\u00f3w, tylko uczucia serca, to w\u0142a\u015bnie to uczucie towarzysz\u0105ce st\u0105paniu po lekko zmro\u017conym \u015bniegu mo\u017ce by\u0107 chyba modlitw\u0105?<\/p>\n<p>Nie zapytam m\u00f3wcy, nie tylko dlatego, \u017ce ju\u017c odjecha\u0142 i mo\u017ce gdzie\u015b daleko zn\u00f3w m\u00f3wi kazanie o modlitwie. Nie zapytam, bo czuj\u0119, \u017ce nie zrozumia\u0142by mojego pytania, a na jego sprecyzowanie nie mia\u0142bym czasu. Bo m\u00f3wca przerywa po dw\u00f3ch zdaniach, kt\u00f3re od kogo\u015b us\u0142ysza\u0142 i przejmuje inicjatyw\u0119. M\u00f3wca r\u00f3wnie\u017c w rozmowie ma zwyczaj budowania zda\u0144 wielokrotnie z\u0142o\u017conych i prowadzenia w\u0105tku, kt\u00f3ry nie ko\u0144czy si\u0119 po minucie, co sprawia, \u017ce i jego rozmowy staj\u0105 si\u0119 wyk\u0142adem, kazaniem.<\/p>\n<p>M\u00f3wca i w rozmowie czasem zadaje pytanie, kt\u00f3re jednak ma skierowa\u0107 rozmow\u0119 na jego tory my\u015blenia, czyli jest pytaniem retorycznym. M\u00f3wca to g\u0142osiciel prawdy, kt\u00f3r\u0105 ma sformu\u0142owan\u0105. Wszystko jest wyja\u015bnione, nie ma miejsca, potrzeby, na prawdziwe pytania i w\u0105tpliwo\u015bci, a zreszt\u0105 w\u0105tpliwo\u015bci uwa\u017ca za niebezpieczne.<\/p>\n<p>M\u00f3wca przyzwyczai\u0142 si\u0119 do m\u00f3wienia, a s\u0142uchanie wywo\u0142uje u niego zak\u0142opotanie i niepewno\u015b\u0107, bo musia\u0142by wej\u015b\u0107 w spos\u00f3b my\u015blenia rozm\u00f3wcy, kt\u00f3ry cz\u0119sto jest inny, ni\u017c jego. A on nie wie, co z tym zrobi\u0107, bo s\u0105dzi, \u017ce m\u00f3wca powinien mie\u0107 gotow\u0105 odpowied\u017a na ka\u017cde pytania, \u017ce okazanie wahania, zastanowienia, jest s\u0142abo\u015bci\u0105, a przyznanie &#8211; nie wiem &#8211; to pora\u017cka.<\/p>\n<p>Ale \u015bnieg! Mia\u0142 by\u0107 \u015bnieg przecie\u017c, tak, jak w tytule. Wygl\u0105dam za okno &#8211; jest! W nocnym \u015bwietle ulicznych lamp, bieli si\u0119. Dumny. Mo\u017ce sobie na to pozwoli\u0107. Nie tak, jak cz\u0142owiek, kt\u00f3ry rozs\u0105dniej, \u017ceby by\u0142 w tej kwestii ostro\u017cny&#8230; <\/p>\n","protected":false},"excerpt":{"rendered":"<p>I utrzymuje si\u0119 ju\u017c &#8230;<\/p>\n","protected":false},"author":1,"featured_media":0,"comment_status":"open","ping_status":"open","sticky":false,"template":"","format":"standard","meta":{"footnotes":""},"categories":[18,909],"tags":[890,867,889,38,357],"_links":{"self":[{"href":"http:\/\/niecodziennosc.kubic.info\/index.php?rest_route=\/wp\/v2\/posts\/7148"}],"collection":[{"href":"http:\/\/niecodziennosc.kubic.info\/index.php?rest_route=\/wp\/v2\/posts"}],"about":[{"href":"http:\/\/niecodziennosc.kubic.info\/index.php?rest_route=\/wp\/v2\/types\/post"}],"author":[{"embeddable":true,"href":"http:\/\/niecodziennosc.kubic.info\/index.php?rest_route=\/wp\/v2\/users\/1"}],"replies":[{"embeddable":true,"href":"http:\/\/niecodziennosc.kubic.info\/index.php?rest_route=%2Fwp%2Fv2%2Fcomments&post=7148"}],"version-history":[{"count":1,"href":"http:\/\/niecodziennosc.kubic.info\/index.php?rest_route=\/wp\/v2\/posts\/7148\/revisions"}],"predecessor-version":[{"id":8881,"href":"http:\/\/niecodziennosc.kubic.info\/index.php?rest_route=\/wp\/v2\/posts\/7148\/revisions\/8881"}],"wp:attachment":[{"href":"http:\/\/niecodziennosc.kubic.info\/index.php?rest_route=%2Fwp%2Fv2%2Fmedia&parent=7148"}],"wp:term":[{"taxonomy":"category","embeddable":true,"href":"http:\/\/niecodziennosc.kubic.info\/index.php?rest_route=%2Fwp%2Fv2%2Fcategories&post=7148"},{"taxonomy":"post_tag","embeddable":true,"href":"http:\/\/niecodziennosc.kubic.info\/index.php?rest_route=%2Fwp%2Fv2%2Ftags&post=7148"}],"curies":[{"name":"wp","href":"https:\/\/api.w.org\/{rel}","templated":true}]}}