{"id":7149,"date":"2018-01-21T11:34:10","date_gmt":"2018-01-21T10:34:10","guid":{"rendered":"http:\/\/niecodziennosc.kubic.info\/index.php\/2018\/01\/21\/kazanie\/"},"modified":"2018-01-21T11:34:10","modified_gmt":"2018-01-21T10:34:10","slug":"kazanie","status":"publish","type":"post","link":"http:\/\/niecodziennosc.kubic.info\/?p=7149","title":{"rendered":"Kazanie"},"content":{"rendered":"<p>S\u0142ucham kazania na temat modlitwy. Min\u0119\u0142o dwadzie\u015bcia minut, a ci\u0105gle s\u0142ysz\u0119 przyk\u0142ady z\u0142ych modlitw &#8211; jak inni chrze\u015bcijanie \u017ale si\u0119 modl\u0105.<\/p>\n<p>M\u00f3wca przyj\u0105\u0142 strategi\u0119 definiowania przez negacj\u0119, przeciwie\u0144stwo. S\u0142ucham wi\u0119c na razie o r\u00f3\u017cnych z\u0142ych modlitwach. Mo\u017cna si\u0119 zdo\u0142owa\u0107. Ewentualnie na odwr\u00f3t &#8211; mo\u017cna pomy\u015ble\u0107, \u017ce sami modlimy si\u0119 lepiej ni\u017c inni. Ale ta druga mo\u017cliwo\u015b\u0107 jest szyta zbyt grubymi ni\u0107mi, po prostu ma\u0142o prawdopodobne, \u017cebym akurat ja by\u0142 jaki\u015b lepszy od innych. Ale jestem przekonany, \u017ce m\u00f3wca te\u017c nie twierdzi, \u017ce jest lepszy od innych. Z trzeciej jednak strony &#8211; to co m\u00f3wi, bez w\u0105tpienia prowadzi do takiego wniosku, \u017ce jeste\u015bmy lepsi, on i ja. Nieumiej\u0119tno\u015b\u0107 wyra\u017cania si\u0119 czy ukryte w pod\u015bwiadomo\u015bci poczucie wy\u017cszo\u015bci?<\/p>\n<p>M\u00f3wca kreuje \u015bwiat, tworzy teorie, wskazuje problemy i je rozwi\u0105zuje, prze\u017cywa rado\u015bci, smutki, dramaty, maluje obrazy, przeprowadza historie, a jednak &#8211; to wszystko mo\u017ce powodowa\u0107 np. wzruszenie ramion s\u0142uchaczy, bo nie odbieraj\u0105 tego, nie rozumiej\u0105, nie czuj\u0105 tego, co on m\u00f3wi. To jest problem kaza\u0144 &#8211; si\u0142\u0105 rzeczy musz\u0105 uog\u00f3lnia\u0107, b\u0119d\u0105c skierowane do s\u0142uchaczy jako przekazy jednokierunkowe. M\u00f3wca mo\u017ce \u0142atwo oderwa\u0107 si\u0119 od rzeczywisto\u015bci.\u00a0<\/p>\n<p>Wyj\u015bciem z sytuacji jest odnoszenie si\u0119 do tego, co wzi\u0119te z \u017cycia. Kiedy opowiadamy histori\u0119, kt\u00f3ra si\u0119 zdarzy\u0142a, trudno si\u0119 pomyli\u0107. Pomyli\u0107 si\u0119 mo\u017cna, gdy zaczyna si\u0119 tworzy\u0107 interpretacje tego, co si\u0119 zdarzy\u0142o, a pomyli\u0107 si\u0119 ca\u0142kiem ju\u017c \u0142atwo, gdy zaczynamy ocenia\u0107 to, co si\u0119 zdarzy\u0142o.<\/p>\n","protected":false},"excerpt":{"rendered":"<p>S\u0142ucham kazania na &#8230;<\/p>\n","protected":false},"author":1,"featured_media":0,"comment_status":"open","ping_status":"open","sticky":false,"template":"","format":"standard","meta":{"footnotes":""},"categories":[130],"tags":[34,357],"_links":{"self":[{"href":"http:\/\/niecodziennosc.kubic.info\/index.php?rest_route=\/wp\/v2\/posts\/7149"}],"collection":[{"href":"http:\/\/niecodziennosc.kubic.info\/index.php?rest_route=\/wp\/v2\/posts"}],"about":[{"href":"http:\/\/niecodziennosc.kubic.info\/index.php?rest_route=\/wp\/v2\/types\/post"}],"author":[{"embeddable":true,"href":"http:\/\/niecodziennosc.kubic.info\/index.php?rest_route=\/wp\/v2\/users\/1"}],"replies":[{"embeddable":true,"href":"http:\/\/niecodziennosc.kubic.info\/index.php?rest_route=%2Fwp%2Fv2%2Fcomments&post=7149"}],"version-history":[{"count":0,"href":"http:\/\/niecodziennosc.kubic.info\/index.php?rest_route=\/wp\/v2\/posts\/7149\/revisions"}],"wp:attachment":[{"href":"http:\/\/niecodziennosc.kubic.info\/index.php?rest_route=%2Fwp%2Fv2%2Fmedia&parent=7149"}],"wp:term":[{"taxonomy":"category","embeddable":true,"href":"http:\/\/niecodziennosc.kubic.info\/index.php?rest_route=%2Fwp%2Fv2%2Fcategories&post=7149"},{"taxonomy":"post_tag","embeddable":true,"href":"http:\/\/niecodziennosc.kubic.info\/index.php?rest_route=%2Fwp%2Fv2%2Ftags&post=7149"}],"curies":[{"name":"wp","href":"https:\/\/api.w.org\/{rel}","templated":true}]}}