{"id":7153,"date":"2017-12-23T00:26:34","date_gmt":"2017-12-22T23:26:34","guid":{"rendered":"http:\/\/niecodziennosc.kubic.info\/index.php\/2017\/12\/23\/wiatr-po-raz-n-ty\/"},"modified":"2017-12-23T00:26:34","modified_gmt":"2017-12-22T23:26:34","slug":"wiatr-po-raz-n-ty","status":"publish","type":"post","link":"http:\/\/niecodziennosc.kubic.info\/?p=7153","title":{"rendered":"Wiatr po raz n-ty"},"content":{"rendered":"<p>Kochami wiatr. Nie, &#8222;kocham&#8221; to niedobrze powiedziane. Napisane. Niedobre okre\u015blenie. Fascynuje mnie. Nap\u0119dza. Mo\u017ce raczej zastanawia. Straszy mnie. Lubi\u0119 przestrach. Lubi\u0119 szum. Usypiam przy szumie. Przy tajemniczym szumie usypiam lekko przestraszony i bardzo zafascynowany.<\/p>\n<p>Tak naprawd\u0119 ca\u0142y dzie\u0144 robi\u0119 co\u015b, nawet pracuj\u0119, czytam, ogl\u0105dam, kieruj\u0119, planuj\u0119, pisz\u0119, id\u0119, rozmawiam, odbieram telefony, wymy\u015blam, kreuj\u0119 nawet czasem, gram, ale tylko po to, \u017ceby wieczorem, przed za\u015bni\u0119ciem, us\u0142ysze\u0107 szum wiatru. Wtapiam si\u0119 w niego, lec\u0119 wraz z nim i wydaje mi si\u0119 nawet, \u017ce wiem sk\u0105d razem przylecieli\u015bmy, i dok\u0105d chcemy zmierza\u0107.<\/p>\n<p>Wiatr pozwala zapomnie\u0107 o tym, \u017ce jestem kiepski i \u017cyj\u0119 coraz bardziej marzeniami. \u017be nie jestem najlepszy dla ludzi, cho\u0107 staram si\u0119 robi\u0107 takie wra\u017cenie. \u017be nie umiem robi\u0107 prezent\u00f3w, a tylko czasem pomog\u0119 komu\u015b w czym\u015b, prawie bezinteresownie. \u017be u\u017calam si\u0119 nad sob\u0105 tak jak teraz.<\/p>\n<p>Wia\u0142o, kiedy zaczyna\u0142em pisa\u0107, przynajmniej takie mia\u0142em wra\u017cenie. Lecz teraz, za oknem, zdaje si\u0119, ucich\u0142o. I my\u015bl si\u0119 ko\u0144czy. Trudno&#8230; Mo\u017ce uda si\u0119 usn\u0105\u0107 bez wiatru. Nasun\u0105\u0107 na uszy kaptur lub czapk\u0119, ciasno, wtedy szum si\u0119 pojawia, blisko, bardzo blisko, mo\u017ce nawet w samej g\u0142owie. A z nim uczucie spokoju.<\/p>\n","protected":false},"excerpt":{"rendered":"<p>Kochami wiatr. Nie, &#8230;<\/p>\n","protected":false},"author":1,"featured_media":0,"comment_status":"open","ping_status":"open","sticky":false,"template":"","format":"standard","meta":{"footnotes":""},"categories":[27],"tags":[558,886,166],"_links":{"self":[{"href":"http:\/\/niecodziennosc.kubic.info\/index.php?rest_route=\/wp\/v2\/posts\/7153"}],"collection":[{"href":"http:\/\/niecodziennosc.kubic.info\/index.php?rest_route=\/wp\/v2\/posts"}],"about":[{"href":"http:\/\/niecodziennosc.kubic.info\/index.php?rest_route=\/wp\/v2\/types\/post"}],"author":[{"embeddable":true,"href":"http:\/\/niecodziennosc.kubic.info\/index.php?rest_route=\/wp\/v2\/users\/1"}],"replies":[{"embeddable":true,"href":"http:\/\/niecodziennosc.kubic.info\/index.php?rest_route=%2Fwp%2Fv2%2Fcomments&post=7153"}],"version-history":[{"count":0,"href":"http:\/\/niecodziennosc.kubic.info\/index.php?rest_route=\/wp\/v2\/posts\/7153\/revisions"}],"wp:attachment":[{"href":"http:\/\/niecodziennosc.kubic.info\/index.php?rest_route=%2Fwp%2Fv2%2Fmedia&parent=7153"}],"wp:term":[{"taxonomy":"category","embeddable":true,"href":"http:\/\/niecodziennosc.kubic.info\/index.php?rest_route=%2Fwp%2Fv2%2Fcategories&post=7153"},{"taxonomy":"post_tag","embeddable":true,"href":"http:\/\/niecodziennosc.kubic.info\/index.php?rest_route=%2Fwp%2Fv2%2Ftags&post=7153"}],"curies":[{"name":"wp","href":"https:\/\/api.w.org\/{rel}","templated":true}]}}