{"id":7166,"date":"2017-09-24T00:51:43","date_gmt":"2017-09-23T22:51:43","guid":{"rendered":"http:\/\/niecodziennosc.kubic.info\/index.php\/2017\/09\/24\/z-mgly-wylaniaja-sie-ledwo-ksztalty\/"},"modified":"2017-09-24T00:51:43","modified_gmt":"2017-09-23T22:51:43","slug":"z-mgly-wylaniaja-sie-ledwo-ksztalty","status":"publish","type":"post","link":"http:\/\/niecodziennosc.kubic.info\/?p=7166","title":{"rendered":"Z mg\u0142y wy\u0142aniaj\u0105 si\u0119\u00a0ledwo kszta\u0142ty"},"content":{"rendered":"<p>Nadesz\u0142a mg\u0142a i jesienny zapach ch\u0142odniej\u0105cego powietrza, wy\u0142aniaj\u0105cy si\u0119 z mroku. Ten zapach mo\u017cna pozna\u0107 wsz\u0119dzie, zawsze, z zamkni\u0119tymi oczyma. Z mg\u0142y wy\u0142aniaj\u0105 si\u0119 ledwo kszta\u0142ty, wspomnienia sprzed lat. Zamglony krajobraz Krakowa, uliczki na D\u0105biu, po obu jej stronach ci\u0105gn\u0119\u0142y si\u0119 przyklejone do siebie domy. Nie by\u0142o dw\u00f3ch takich samych.<\/p>\n<p>Albo jesienna mg\u0142a i ch\u0142odniej\u0105ce powietrze w ma\u0142ym miasteczku. Kilkuletni dzieciak nie m\u00f3g\u0142 usn\u0105\u0107 wieczorem. Jak to by\u0142o, \u017ce przeje\u017cd\u017caj\u0105ce auta omiata\u0142y pok\u00f3j snopem \u015bwiat\u0142a, kt\u00f3ry k\u0142ad\u0142 si\u0119 na \u015bcianach i suficie, przebiega\u0142 szybko i znika\u0142. Dzi\u015b auta przeje\u017cd\u017caj\u0105, a snop si\u0119 nie pojawia.<\/p>\n<p>Z mg\u0142y wspomnie\u0144 wy\u0142ania si\u0119 sala w szkole muzycznej, na zaj\u0119ciach historii muzyki. Dwudziestolatek, kt\u00f3ry siada\u0142 w przedostatniej \u0142awce, nie wierzy\u0142, \u017ce uda mu si\u0119 zda\u0107 egzamin ko\u0144cowy. Czasem i teraz, po dwudziestu kolejnych latach, nawiedza go sen, \u017ce zn\u00f3w siedzi tam, s\u0142ucha, notuje, ma zeszyt zapisany, ale zdania, wiadomo\u015bci, nazwiska, daty, nie uk\u0142adaj\u0105 si\u0119 w \u017caden ci\u0105g, kt\u00f3ry m\u00f3g\u0142by zapami\u0119ta\u0107. Kt\u00f3rego\u015b roku grono nauczycielskie wyda\u0142o zestaw kaset z utworami obowi\u0105zkowymi do s\u0142uchania. Palestrina, Orlando di Lasso, Gom\u00f3\u0142ka. Historia muzyki wreszcie o\u017cy\u0142a. Kasety kopiowa\u0142 i r\u0119cznie opisywa\u0142 kt\u00f3ry\u015b z nauczycieli, pe\u0142en idei i zaanga\u017cowania w edukacj\u0119 m\u0142odzie\u017cy. Dwie takie kasety le\u017c\u0105 jeszcze na p\u00f3\u0142ce, cho\u0107 nie ma ju\u017c ich na czym odtwarza\u0107.<\/p>\n<p>Inny sen to koszmar z fakultetu matematyki. Student drugiego roku, po historii muzyki, p\u0119dzi\u0142 na uczelni\u0119 techniczn\u0105, na wyk\u0142ady z rysunku technicznego, materia\u0142oznawstwa, matematyki. Ta matematyka powraca\u0142a potem przez lata. We \u015bnie, w kt\u00f3rym, jak to bywa w niekt\u00f3rych snach, bohater jest przekonany, \u017ce tkwi w\u0142a\u015bnie tam, gdzie \u015bni, i \u017ce wcale to nie jest sen, tylko najprawdziwsza rzeczywisto\u015b\u0107. I w\u0142a\u015bnie min\u0119\u0142a po\u0142owa semestru, a on tej matematyki ni w z\u0105b nie przyswoi\u0142. Fascynowa\u0142a go, rozumia\u0142 j\u0105, ale nie umia\u0142 liczy\u0107. Nie pokona\u0142 tej bariery, kt\u00f3r\u0105 zdoby\u0107 mo\u017cna tylko mr\u00f3wcz\u0105 prac\u0105, ale nawet pracy zacz\u0105\u0107 nie m\u00f3g\u0142, bo cho\u0107 ide\u0119 rozumia\u0142, to znaczki, wzory, r\u00f3wnania, stawia\u0142y przed nim zaci\u0119ty op\u00f3r. Ot, mo\u017ce nie tyle le\u0144, co po prostu filozof, a nie matematyk czy naukowiec.<\/p>\n<p>We mgle przesz\u0142o\u015bci zatar\u0142y si\u0119 korytarze, przej\u015bcia, fasady budynk\u00f3w, z wyj\u0105tkiem niekt\u00f3rych. Dobrze zapami\u0119tanych, wyrazi\u015bcie, sytuacji. Dziesi\u0105tek sytuacji, w kt\u00f3rych uda\u0142o si\u0119 przepchn\u0105, popchn\u0105\u0107 naprz\u00f3d kolokwium, zaliczenie, wpis do indeksu, egzamin. Jeszcze teraz \u015bni mu si\u0119 czwarty rok, albo pi\u0105ty, i w tym \u015bnie jest ca\u0142kiem przekonany, \u017ce zaliczenie studi\u00f3w nie mo\u017ce sta\u0107 si\u0119 prawd\u0105.<\/p>\n<p>Wszystkiemu winna jednak mg\u0142a. Ju\u017c wtedy kusi\u0142a zamazywaniem kszta\u0142t\u00f3w, rozpraszaniem \u015bwiat\u0142a ulicznych lamp, by\u0142a taka jedna lampa, gdzie\u015b tam na ulicy Portowej, w jedn\u0105 zimow\u0105 noc, gdy minus trzyna\u015bcie \u015bci\u0119\u0142o wod\u0119 na ulicach, i r\u00f3wnowag\u0119 trudno by\u0142o utrzyma\u0107 na rowerze. \u017byciu cz\u0142owieka towarzyszy mg\u0142a, gdyby m\u00f3g\u0142 podsumowa\u0107 sk\u0105d przyszed\u0142, jak to kiedy\u015b by\u0142o, i dok\u0105d idzie&#8230;<\/p>\n","protected":false},"excerpt":{"rendered":"<p>Nadesz\u0142a mg\u0142a i &#8230;<\/p>\n","protected":false},"author":1,"featured_media":0,"comment_status":"open","ping_status":"open","sticky":false,"template":"","format":"standard","meta":{"footnotes":""},"categories":[27],"tags":[352,269],"_links":{"self":[{"href":"http:\/\/niecodziennosc.kubic.info\/index.php?rest_route=\/wp\/v2\/posts\/7166"}],"collection":[{"href":"http:\/\/niecodziennosc.kubic.info\/index.php?rest_route=\/wp\/v2\/posts"}],"about":[{"href":"http:\/\/niecodziennosc.kubic.info\/index.php?rest_route=\/wp\/v2\/types\/post"}],"author":[{"embeddable":true,"href":"http:\/\/niecodziennosc.kubic.info\/index.php?rest_route=\/wp\/v2\/users\/1"}],"replies":[{"embeddable":true,"href":"http:\/\/niecodziennosc.kubic.info\/index.php?rest_route=%2Fwp%2Fv2%2Fcomments&post=7166"}],"version-history":[{"count":0,"href":"http:\/\/niecodziennosc.kubic.info\/index.php?rest_route=\/wp\/v2\/posts\/7166\/revisions"}],"wp:attachment":[{"href":"http:\/\/niecodziennosc.kubic.info\/index.php?rest_route=%2Fwp%2Fv2%2Fmedia&parent=7166"}],"wp:term":[{"taxonomy":"category","embeddable":true,"href":"http:\/\/niecodziennosc.kubic.info\/index.php?rest_route=%2Fwp%2Fv2%2Fcategories&post=7166"},{"taxonomy":"post_tag","embeddable":true,"href":"http:\/\/niecodziennosc.kubic.info\/index.php?rest_route=%2Fwp%2Fv2%2Ftags&post=7166"}],"curies":[{"name":"wp","href":"https:\/\/api.w.org\/{rel}","templated":true}]}}