{"id":7198,"date":"2017-04-14T22:52:05","date_gmt":"2017-04-14T20:52:05","guid":{"rendered":"http:\/\/niecodziennosc.kubic.info\/index.php\/2017\/04\/14\/karol\/"},"modified":"2017-04-14T22:52:05","modified_gmt":"2017-04-14T20:52:05","slug":"karol","status":"publish","type":"post","link":"http:\/\/niecodziennosc.kubic.info\/?p=7198","title":{"rendered":"Karol"},"content":{"rendered":"<p>Odszed\u0142 Karol. Cz\u0142owiek ju\u017c niem\u0142ody. Mo\u017cna powiedzie\u0107, za przeproszeniem, \u017ce stary. Mo\u017ce nie stary, ale starszy. Ile mia\u0142 lat? Dziewi\u0119\u0107dziesi\u0105t jeden. Zaraz zaraz, to przecie\u017c stary. Ale nie wygl\u0105da\u0142 na takiego.<\/p>\n<p>Odszed\u0142 my\u015bliciel. Ale\u017c to brzmi! Cokolwiek napisa\u0107, zabrzmi banalnie. Np. to, \u017ce by\u0142 oczytany ponad przeci\u0119tno\u015b\u0107, w historii, geografii.<\/p>\n<p>Mia\u0142 wad\u0119 wymowy tak siln\u0105, \u017ce trzeba by\u0142o wprawy, \u017ceby go zrozumie\u0107.<br \/>Zna\u0142 angielski i esperanto. <br \/>Siada\u0142 w parku z gazet\u0105 i podnosi\u0142 j\u0105 wysoko do oczu, zas\u0142aniaj\u0105c swoj\u0105 niewysok\u0105 posta\u0107. Ma\u0142y cz\u0142owieczek na \u0142awce w parku, z \u017caglem z gazety zamiast g\u0142owy. <\/p>\n<p>Kilka lat temu ciosem by\u0142a dla niego \u015bmier\u0107 syna, zmar\u0142 na serce, co nie jest rzadkie u ludzi z zespo\u0142em Downa.<\/p>\n<p>Mo\u017ce chodzi o nieustaj\u0105cy ton fascynacji w jego g\u0142osie? O zamy\u015blony wzrok, kt\u00f3ry parzy\u0142 obok tego, co wida\u0107 tak po prostu?<\/p>\n<p>Piel\u0119gniarka, p\u00f3\u017anym wieczorem, przysz\u0142a zmierzy\u0107 mu ci\u015bnienie. On wcze\u015bniej zasn\u0105\u0142. Gdy przysz\u0142a, ju\u017c nie oddycha\u0142. Z punktu widzenia medycznego, powik\u0142anie po zapaleniu p\u0142uc. Praktycznie staro\u015b\u0107. Logicznie wszystko si\u0119 zgadza. Ale co\u015b wydaje si\u0119 nie tak. To nie jest tylko co\u015b. To jaka\u015b niepozorna, ale w istocie gruba sprawa, jaka\u015b skucha jest w tym, jakie\u015b dra\u0144stwo.<\/p>\n<p>Cho\u0107 przecie\u017c wielu chcia\u0142oby tak sko\u0144czy\u0107, mo\u017ce i ka\u017cdy. Usn\u0105\u0107. To jak nagroda. Czym sobie na ni\u0105 zas\u0142u\u017cy\u0107? Nie ma opcji &#8222;zaznacz tw\u00f3j wyb\u00f3r&#8221;, wi\u0119c to jak \u0142aska dla wybranych. <\/p>\n","protected":false},"excerpt":{"rendered":"<p>Odszed\u0142 Karol. &#8230;<\/p>\n","protected":false},"author":1,"featured_media":0,"comment_status":"open","ping_status":"open","sticky":false,"template":"","format":"standard","meta":{"footnotes":""},"categories":[50],"tags":[894,112],"_links":{"self":[{"href":"http:\/\/niecodziennosc.kubic.info\/index.php?rest_route=\/wp\/v2\/posts\/7198"}],"collection":[{"href":"http:\/\/niecodziennosc.kubic.info\/index.php?rest_route=\/wp\/v2\/posts"}],"about":[{"href":"http:\/\/niecodziennosc.kubic.info\/index.php?rest_route=\/wp\/v2\/types\/post"}],"author":[{"embeddable":true,"href":"http:\/\/niecodziennosc.kubic.info\/index.php?rest_route=\/wp\/v2\/users\/1"}],"replies":[{"embeddable":true,"href":"http:\/\/niecodziennosc.kubic.info\/index.php?rest_route=%2Fwp%2Fv2%2Fcomments&post=7198"}],"version-history":[{"count":0,"href":"http:\/\/niecodziennosc.kubic.info\/index.php?rest_route=\/wp\/v2\/posts\/7198\/revisions"}],"wp:attachment":[{"href":"http:\/\/niecodziennosc.kubic.info\/index.php?rest_route=%2Fwp%2Fv2%2Fmedia&parent=7198"}],"wp:term":[{"taxonomy":"category","embeddable":true,"href":"http:\/\/niecodziennosc.kubic.info\/index.php?rest_route=%2Fwp%2Fv2%2Fcategories&post=7198"},{"taxonomy":"post_tag","embeddable":true,"href":"http:\/\/niecodziennosc.kubic.info\/index.php?rest_route=%2Fwp%2Fv2%2Ftags&post=7198"}],"curies":[{"name":"wp","href":"https:\/\/api.w.org\/{rel}","templated":true}]}}