{"id":7215,"date":"2017-01-25T09:12:32","date_gmt":"2017-01-25T08:12:32","guid":{"rendered":"http:\/\/niecodziennosc.kubic.info\/index.php\/2017\/01\/25\/wkladalem-talerze-do-szafki-gdy\/"},"modified":"2019-05-05T01:42:07","modified_gmt":"2019-05-04T23:42:07","slug":"wkladalem-talerze-do-szafki-gdy","status":"publish","type":"post","link":"http:\/\/niecodziennosc.kubic.info\/?p=7215","title":{"rendered":"Wk\u0142ada\u0142em talerze do szafki, gdy&#8230;"},"content":{"rendered":"<p>Wk\u0142ada\u0142em talerze do szafki, gdy us\u0142ysza\u0142em za sob\u0105 g\u0142os: tato, wygl\u0105dam dobrze?<\/p>\n<p>Sta\u0142\u0105 przede mn\u0105 c\u00f3rka, na ramieniu mia\u0142a szkolny plecak. Na blado-ciemnogranatowym golfie, na kt\u00f3rym w poprzek bieg\u0142y z rzadka cienkie, bia\u0142e paski, zobaczy\u0142em naszyjnik z jaskrawymi, r\u00f3\u017cnokolorowymi paseczkami z mi\u0119kkiego tworzywa, nawleczonymi na rzemienny, w\u0105ski pasek. Zlustrowa\u0142em j\u0105 wzrokiem i zn\u00f3w popatrzy\u0142em w twarz, a wtedy wyci\u0105gn\u0119\u0142a do mnie r\u0119k\u0119: popatrz, umy\u0142am te\u017c zegarek. Plastikowy pasek by\u0142 liliowy, z bia\u0142ym obramowaniem. Liliowy kolor przebija\u0142 te\u017c mi\u0119dzy czarnymi floresami na plecaczku.<\/p>\n<p>&#8211; Jest okej. Fajnie. Mo\u017ce tylko golf ma troch\u0119 za s\u0142aby walor, taki troch\u0119 wyszarza\u0142y. Ale w\u0142osy spi\u0119te inaczej ni\u017c zwykle &#8211; dopiero teraz zobaczy\u0142em.<\/p>\n<p>Dzi\u0119ki! &#8211; u\u015bciska\u0142a mnie &#8211; cze\u015b\u0107!<\/p>\n","protected":false},"excerpt":{"rendered":"<p>Wk\u0142ada\u0142em talerze do &#8230;<\/p>\n","protected":false},"author":1,"featured_media":0,"comment_status":"open","ping_status":"open","sticky":false,"template":"","format":"standard","meta":{"footnotes":""},"categories":[50,909],"tags":[373,590,894,874,38],"_links":{"self":[{"href":"http:\/\/niecodziennosc.kubic.info\/index.php?rest_route=\/wp\/v2\/posts\/7215"}],"collection":[{"href":"http:\/\/niecodziennosc.kubic.info\/index.php?rest_route=\/wp\/v2\/posts"}],"about":[{"href":"http:\/\/niecodziennosc.kubic.info\/index.php?rest_route=\/wp\/v2\/types\/post"}],"author":[{"embeddable":true,"href":"http:\/\/niecodziennosc.kubic.info\/index.php?rest_route=\/wp\/v2\/users\/1"}],"replies":[{"embeddable":true,"href":"http:\/\/niecodziennosc.kubic.info\/index.php?rest_route=%2Fwp%2Fv2%2Fcomments&post=7215"}],"version-history":[{"count":1,"href":"http:\/\/niecodziennosc.kubic.info\/index.php?rest_route=\/wp\/v2\/posts\/7215\/revisions"}],"predecessor-version":[{"id":8905,"href":"http:\/\/niecodziennosc.kubic.info\/index.php?rest_route=\/wp\/v2\/posts\/7215\/revisions\/8905"}],"wp:attachment":[{"href":"http:\/\/niecodziennosc.kubic.info\/index.php?rest_route=%2Fwp%2Fv2%2Fmedia&parent=7215"}],"wp:term":[{"taxonomy":"category","embeddable":true,"href":"http:\/\/niecodziennosc.kubic.info\/index.php?rest_route=%2Fwp%2Fv2%2Fcategories&post=7215"},{"taxonomy":"post_tag","embeddable":true,"href":"http:\/\/niecodziennosc.kubic.info\/index.php?rest_route=%2Fwp%2Fv2%2Ftags&post=7215"}],"curies":[{"name":"wp","href":"https:\/\/api.w.org\/{rel}","templated":true}]}}