{"id":7225,"date":"2016-12-01T00:59:51","date_gmt":"2016-11-30T23:59:51","guid":{"rendered":"http:\/\/niecodziennosc.kubic.info\/index.php\/2016\/12\/01\/agregat-i-promieniowanie-reliktowe\/"},"modified":"2016-12-01T00:59:51","modified_gmt":"2016-11-30T23:59:51","slug":"agregat-i-promieniowanie-reliktowe","status":"publish","type":"post","link":"http:\/\/niecodziennosc.kubic.info\/?p=7225","title":{"rendered":"Agregat i promieniowanie reliktowe"},"content":{"rendered":"<p>Agregat milczy po drugiej stronie ulicy. Nic nie szumi, nie buczy za oknem, jest bardzo cicho. Pewnie te\u017c dlatego, \u017ce spad\u0142 \u015bnieg. \u015anieg wycisza, tak powiedzia\u0142 kiedy\u015b tata. Albo raczej mama, bo z tat\u0105 nie rozmawia\u0142 tak cz\u0119sto. Albo jednak tata, bo kiedy ju\u017c co\u015b powiedzia\u0142, to brzmia\u0142o w\u0142a\u015bnie tak zdecydowanie, definitywnie. Chocia\u017c mama, w sumie, te\u017c miewa\u0142a ostateczne zdanie, tylko \u017ce ono, na poz\u00f3r, brzmia\u0142o tak, jakby mo\u017cna by\u0142o z nim dyskutowa\u0107.<\/p>\n<p>No niewa\u017cne, zdaje si\u0119, \u017ce oboje rodzice mieli racj\u0119, gdy wtedy on, ma\u0142y ch\u0142opczyk, spyta\u0142 wieczorem, dlaczego zrobi\u0142o si\u0119 tak cicho. W tamtych czasach nie by\u0142o agregatu&#8230; Chocia\u017c&#8230; Mo\u017ce jednak by\u0142? Po drugiej stronie ulicy, na pustej przestrzeni, na kawa\u0142ku pola, ziemi, wybudowano pawilon spo\u017cywczy &#8222;Spo\u0142em&#8221;. Czy i wtedy co\u015b tam, wieczorami, nie terkota\u0142o, nie burcza\u0142o?<\/p>\n<p>Od dziecka usypia\u0142 z towarzysz\u0105cym ha\u0142asem. Silniejszym w lecie, bo g\u0142o\u015bniejszym, przy otwartych oknach. Chocia\u017c&#8230; tamte okna by\u0142y na tyle krzywe, \u017ce i w zimie niewiele t\u0142umi\u0142y d\u017awi\u0119k\u00f3w. Nie to co te teraz, plastikowe. Ten agregat teraz jest na tyle g\u0142o\u015bny, \u017ce i przez plastikowe okna przedostaje si\u0119 jego \u0142oskot. Ciekawe, przypomina odg\u0142os samolotu, gdy si\u0119 leci przy pr\u0119dko\u015bci przelotowej. Albo samochodu na autostradzie, gdy szum powietrza wok\u00f3\u0142 karoserii miesza si\u0119 z pomrukiem silnika, na \u015brednich obrotach, przy pr\u0119dko\u015bci sto czterdzie\u015bci na godzin\u0119.<\/p>\n<p>Ale dzi\u015b jest cicho. Mo\u017ce z powodu lekkiego mrozu? Agregat ch\u0142odniczy nie musi ch\u0142odzi\u0107, skoro ju\u017c jest ch\u0142odno na zewn\u0105trz. Nie wiadomo&#8230;<\/p>\n<p>Druga strona ulicy to jak s\u0105siednia galaktyka. Tak by\u0142o zw\u0142aszcza wtedy, gdy by\u0142 ma\u0142y i nie wolno mu by\u0142o samemu przechodzi\u0107 przez ulic\u0119. Nawet zbli\u017ca\u0107 si\u0119 do niej. A teraz, gdy jest starym koniem i mo\u017ce i\u015b\u0107 tam kiedy tylko chce, to tego nie robi. Specjalnie. K\u0142ad\u0105c si\u0119 do \u0142\u00f3\u017cka tu\u017c po p\u00f3\u0142nocy nawet nie odchyla zas\u0142ony w oknie, \u017ceby tam spojrze\u0107. Przeciwnie, wyobra\u017ca sobie, \u017ce ten lekki jazgot naprawd\u0119 dobiega z innej galaktyki, rozp\u0142ywa si\u0119 w przestrzeni jak pozosta\u0142o\u015bci Wielkiego Wybuchu, promieniowanie reliktowe. A on, usypiaj\u0105c, czuje si\u0119 spokojnie, cz\u0119\u015bci\u0105 Kosmosu, Wszech\u015bwiata, w kt\u00f3rym czas przestaje si\u0119 liczy\u0107. I nawet gdyby mia\u0142 nie obudzi\u0107 si\u0119 rano (dlatego teraz pisze, \u017ceby zostawi\u0107 po sobie \u015blad, w razie czego), to nie mia\u0142by \u017calu (gdyby m\u00f3g\u0142 wtedy czu\u0107 \u017cal), bo gdy czas przestaje si\u0119 liczy\u0107, to &#8222;teraz&#8221; jest, by\u0142o i b\u0119dzie zawsze.<\/p>\n<p>Ws\u0142uchuj\u0105c si\u0119 w ch\u0142odniczy agregat, mo\u017ce spokojnie zasn\u0105\u0107.<\/p>\n<p><img fetchpriority=\"high\" decoding=\"async\" src=\"wp-content\/uploads\/2019\/03\/dworzec_DSC1356fotPiotrKubic.jpg\" alt=\"dworzec przez szyb\u0119 autobusu\" width=\"500\" height=\"333\" \/><\/p>\n","protected":false},"excerpt":{"rendered":"<p>Agregat milczy po &#8230;<\/p>\n","protected":false},"author":1,"featured_media":0,"comment_status":"open","ping_status":"open","sticky":false,"template":"","format":"standard","meta":{"footnotes":""},"categories":[27],"tags":[870,269,166],"_links":{"self":[{"href":"http:\/\/niecodziennosc.kubic.info\/index.php?rest_route=\/wp\/v2\/posts\/7225"}],"collection":[{"href":"http:\/\/niecodziennosc.kubic.info\/index.php?rest_route=\/wp\/v2\/posts"}],"about":[{"href":"http:\/\/niecodziennosc.kubic.info\/index.php?rest_route=\/wp\/v2\/types\/post"}],"author":[{"embeddable":true,"href":"http:\/\/niecodziennosc.kubic.info\/index.php?rest_route=\/wp\/v2\/users\/1"}],"replies":[{"embeddable":true,"href":"http:\/\/niecodziennosc.kubic.info\/index.php?rest_route=%2Fwp%2Fv2%2Fcomments&post=7225"}],"version-history":[{"count":0,"href":"http:\/\/niecodziennosc.kubic.info\/index.php?rest_route=\/wp\/v2\/posts\/7225\/revisions"}],"wp:attachment":[{"href":"http:\/\/niecodziennosc.kubic.info\/index.php?rest_route=%2Fwp%2Fv2%2Fmedia&parent=7225"}],"wp:term":[{"taxonomy":"category","embeddable":true,"href":"http:\/\/niecodziennosc.kubic.info\/index.php?rest_route=%2Fwp%2Fv2%2Fcategories&post=7225"},{"taxonomy":"post_tag","embeddable":true,"href":"http:\/\/niecodziennosc.kubic.info\/index.php?rest_route=%2Fwp%2Fv2%2Ftags&post=7225"}],"curies":[{"name":"wp","href":"https:\/\/api.w.org\/{rel}","templated":true}]}}