{"id":7240,"date":"2016-07-20T23:31:56","date_gmt":"2016-07-20T21:31:56","guid":{"rendered":"http:\/\/niecodziennosc.kubic.info\/index.php\/2016\/07\/20\/pamiec-usmiechu\/"},"modified":"2016-07-20T23:31:56","modified_gmt":"2016-07-20T21:31:56","slug":"pamiec-usmiechu","status":"publish","type":"post","link":"http:\/\/niecodziennosc.kubic.info\/?p=7240","title":{"rendered":"Pami\u0119\u0107 u\u015bmiechu"},"content":{"rendered":"<h4>Z serii &#8222;Zapisy znalezione&#8221;<\/h4>\n<p>Podczas wyj\u0105tkowo bezwietrznej pogody, na molo i tak wieje. Ciekawe. Ze stolika, jednego z kilkunastu, stoj\u0105cych przy kawiarni, stoczy\u0142a si\u0119 zmi\u0119ta serwetka. Podnios\u0142em j\u0105 i mia\u0142em wrzuci\u0107 do kosza, ale przedtem rozprostowa\u0142em. <\/p>\n<p style=\"padding-left: 30px;\"><em>Synu, ka\u017cda minuta sp\u0119dzona z Tob\u0105 jest jak wys\u0142ana w przysz\u0142o\u015b\u0107. Kiedy Ty, ju\u017c beze mnie, b\u0119dziesz przemierza\u0142 tereny, do kt\u00f3rych nigdy nie dotar\u0142em. Gdy pom\u00f3c b\u0119dzie Ci mog\u0142a mo\u017ce my\u015bl o mnie, mam nadziej\u0119, o tym, co powiedzia\u0142em, albo chocia\u017c pami\u0119\u0107 mojego u\u015bmiechu.<\/em><\/p>\n<p>\u00a0<\/p>\n<p><em><img fetchpriority=\"high\" decoding=\"async\" src=\"wp-content\/uploads\/2019\/03\/ojciecisyn_F1A4089fotPiotrKubic.jpg\" alt=\"ojciec i syn fot. Piotr Kubic\" width=\"267\" height=\"400\" \/><br \/><\/em><\/p>\n","protected":false},"excerpt":{"rendered":"<h4>Z serii &#8230;<\/p>\n","protected":false},"author":1,"featured_media":0,"comment_status":"open","ping_status":"open","sticky":false,"template":"","format":"standard","meta":{"footnotes":""},"categories":[27],"tags":[893,373,884],"_links":{"self":[{"href":"http:\/\/niecodziennosc.kubic.info\/index.php?rest_route=\/wp\/v2\/posts\/7240"}],"collection":[{"href":"http:\/\/niecodziennosc.kubic.info\/index.php?rest_route=\/wp\/v2\/posts"}],"about":[{"href":"http:\/\/niecodziennosc.kubic.info\/index.php?rest_route=\/wp\/v2\/types\/post"}],"author":[{"embeddable":true,"href":"http:\/\/niecodziennosc.kubic.info\/index.php?rest_route=\/wp\/v2\/users\/1"}],"replies":[{"embeddable":true,"href":"http:\/\/niecodziennosc.kubic.info\/index.php?rest_route=%2Fwp%2Fv2%2Fcomments&post=7240"}],"version-history":[{"count":0,"href":"http:\/\/niecodziennosc.kubic.info\/index.php?rest_route=\/wp\/v2\/posts\/7240\/revisions"}],"wp:attachment":[{"href":"http:\/\/niecodziennosc.kubic.info\/index.php?rest_route=%2Fwp%2Fv2%2Fmedia&parent=7240"}],"wp:term":[{"taxonomy":"category","embeddable":true,"href":"http:\/\/niecodziennosc.kubic.info\/index.php?rest_route=%2Fwp%2Fv2%2Fcategories&post=7240"},{"taxonomy":"post_tag","embeddable":true,"href":"http:\/\/niecodziennosc.kubic.info\/index.php?rest_route=%2Fwp%2Fv2%2Ftags&post=7240"}],"curies":[{"name":"wp","href":"https:\/\/api.w.org\/{rel}","templated":true}]}}