{"id":7243,"date":"2016-07-09T23:59:37","date_gmt":"2016-07-09T21:59:37","guid":{"rendered":"http:\/\/niecodziennosc.kubic.info\/index.php\/2016\/07\/09\/wiesiek-widzial-niebo-i-pyta-mnie-czy-ja-widzialem\/"},"modified":"2016-07-09T23:59:37","modified_gmt":"2016-07-09T21:59:37","slug":"wiesiek-widzial-niebo-i-pyta-mnie-czy-ja-widzialem","status":"publish","type":"post","link":"http:\/\/niecodziennosc.kubic.info\/?p=7243","title":{"rendered":"Wiesiek widzia\u0142 niebo i pyta mnie, czy ja widzia\u0142em"},"content":{"rendered":"<p>&#8211; Widzia\u0142e\u015b niebo o wp\u00f3\u0142 do jedenastej w nocy?<br \/>&#8211; Tak, ale nie dzi\u015b. Przedwczoraj, wraca\u0142em samochodem. <br \/>&#8211; I co?<br \/>&#8211; By\u0142o jeszcze troch\u0119 jasne. Granatowe, ale blade, mimo, \u017ce ciemne.<br \/>&#8211; Nie\u017ale prawda? O w p\u00f3\u0142 do jedenastej&#8230;<br \/>&#8211; Tak. Ale to nic dziwnego. Na pocz\u0105tku lata&#8230;<br \/>&#8211; Na pocz\u0105tku to by by\u0142o w czerwcu. A min\u0119\u0142y dwa tygodnie.<br \/>&#8211; Jeszcze nie, dzi\u015b zaledwie dziewi\u0105ty&#8230;<br \/>&#8211; Dwa tygodnie, odk\u0105d niebo przestaje by\u0107 jasne noc\u0105&#8230; Odk\u0105d ubywa dnia.<br \/>&#8211; Rzeczywi\u015bcie&#8230;<br \/>&#8211; Wiesz, co to oznacza?<br \/>&#8211; Chcesz powiedzie\u0107 &#8211; jesie\u0144&#8230;?<br \/>&#8211; Tak.<br \/>&#8211; Ale do jesieni jeszcze daleko.<br \/>&#8211; Niby tak. Ale jesie\u0144 zaczyna si\u0119 ju\u017c teraz. <br \/>&#8211; Hm&#8230; Czy nie przesadzasz? Mam ju\u017c teraz my\u015ble\u0107 o jesieni?<br \/>&#8211; Taka jest prawda. Dnia ubywa, a to, co zostaje, to na razie rozp\u0119d dni, w kt\u00f3rych najd\u0142u\u017cej \u015bwieci\u0142o s\u0142o\u0144ce. <br \/>&#8211; Ale przecie\u017c s\u0105 wakacje! Ludzie jad\u0105 na wczasy, urlop, nikt nie my\u015bli o jesieni!<br \/>&#8211; Lecz ona, skryta, nadchodzi ju\u017c teraz, niepozornie, nieopatrznie. Tak naprawd\u0119 z ka\u017cdym dniem staczamy si\u0119 nieuchronnie w ch\u0142\u00f3d, coraz kr\u00f3tsze dni, martwot\u0119, kt\u00f3ra nadejdzie, nieodwo\u0142alnie. <br \/>&#8211; Przesadzasz.<\/p>\n<p><img fetchpriority=\"high\" decoding=\"async\" src=\"wp-content\/uploads\/2019\/03\/niebo_F1A5656fotPiotrKubic.jpg\" alt=\"niebo\" width=\"500\" height=\"333\" \/><\/p>\n<p>&#8211; \u017byj\u0119 realiami. <br \/>&#8211; Albo raczej &#8211; nie mo\u017cesz od nich uciec. <br \/>&#8211; Nie wiem. <br \/>&#8211; Ale ja wiem. Nie patrz na blado-granatowe niebo o dwudziestej drugiej trzydzie\u015bci. Id\u017a wcze\u015bniej spa\u0107, a wstaniesz z kurami. <br \/>&#8211; Mam odm\u00f3wi\u0107 sobie tego gasn\u0105cego co prawda, z nocy na noc, ale jeszcze obecnego blasku? Patrzenia i rado\u015bci &#8211; pomija\u0107 j\u0105, rezygnowa\u0107 z niej?<br \/>&#8211; Skoro powoduje smutek?<br \/>&#8211; Smutek, czy resztk\u0119 rado\u015bci?<br \/>&#8211; Co silniejsze? Co wybierasz?<br \/>&#8211; Nie mam poczucia, \u017ce mog\u0119 wybra\u0107. Ale ale, je\u015bli b\u0119d\u0119 wstawa\u0142 wcze\u015bnie, to i tak zauwa\u017c\u0119 odchodzenie lata. <br \/>&#8211; Lato dopiero si\u0119 zacz\u0119\u0142o. A co masz na my\u015bli?<br \/>&#8211; Przecie\u017c \u015bwit te\u017c wstaje coraz p\u00f3\u017aniej. <br \/>&#8211; To prawda. <br \/>&#8211; Nie spos\u00f3b, \u017cebym tego nie zauwa\u017cy\u0142. Moja nostalgia nie pominie tego zjawiska. <br \/>&#8211; Jeste\u015b zawzi\u0119ty. <br \/>&#8211; Jestem realist\u0105. <br \/>&#8211; Szczycisz si\u0119 tym?<br \/>&#8211; Nie mam wyj\u015bcia. <br \/>&#8211; Ciekawe, \u017ce ja jakie\u015b mam. <br \/>&#8211; Zazdroszcz\u0119. <br \/>&#8211; Nie trzeba. <br \/>&#8211; Ty znowu z tym poczuciem obowi\u0105zkowo\u015bci, decyzji, przekonaniem, \u017ce kierujesz swoim uczuciem. Gratuluj\u0119, \u017ce masz wyj\u015bcie i \u017ce nie zazdro\u015bcisz. <br \/>&#8211; Przepraszam. <br \/>&#8211; Nie przepraszaj. <br \/>&#8211; To co mog\u0119 zrobi\u0107?<br \/>&#8211; Wiesz&#8230; opowiedz mi&#8230; opowiedz o grudniu&#8230;<br \/>&#8211; Grudniu?? Ju\u017c naprawd\u0119 przesadzasz. I to ci pomo\u017ce?<br \/>&#8211; Tak. <br \/>&#8211; W jaki spos\u00f3b?<br \/>&#8211; Bo w grudniu dnia zaczyna przybywa\u0107. W\u0142a\u015bnie zaczyna si\u0119 zima, ale tak naprawd\u0119, to wraz z jej pocz\u0105tkiem szykuje si\u0119 rewolta. Z ka\u017cdym nowym dniem przybywa troch\u0119 lata. Zima straszy tylko w grudniu, a potem, nie\u015bwiadoma, traci kawa\u0142ek po kawa\u0142eczku. I zanim si\u0119 spostrze\u017ce, ju\u017c jest za p\u00f3\u017ano, ju\u017c marzec, i kwiecie\u0144 co przeplata. I potem &#8211; dwa miesi\u0105ce, w kt\u00f3rych nie martwi\u0119 si\u0119 o nic, tylko patrz\u0119, jak niebo ja\u015bnieje coraz p\u00f3\u017aniejsz\u0105 noc\u0105, bladym granatem&#8230; Opowiedz mi, a zacznij &#8211; od grudnia&#8230;<\/p>\n","protected":false},"excerpt":{"rendered":"<p>&#8211; Widzia\u0142e\u015b &#8230;<\/p>\n","protected":false},"author":1,"featured_media":0,"comment_status":"open","ping_status":"open","sticky":false,"template":"","format":"standard","meta":{"footnotes":""},"categories":[27],"tags":[413,352,896,224,269],"_links":{"self":[{"href":"http:\/\/niecodziennosc.kubic.info\/index.php?rest_route=\/wp\/v2\/posts\/7243"}],"collection":[{"href":"http:\/\/niecodziennosc.kubic.info\/index.php?rest_route=\/wp\/v2\/posts"}],"about":[{"href":"http:\/\/niecodziennosc.kubic.info\/index.php?rest_route=\/wp\/v2\/types\/post"}],"author":[{"embeddable":true,"href":"http:\/\/niecodziennosc.kubic.info\/index.php?rest_route=\/wp\/v2\/users\/1"}],"replies":[{"embeddable":true,"href":"http:\/\/niecodziennosc.kubic.info\/index.php?rest_route=%2Fwp%2Fv2%2Fcomments&post=7243"}],"version-history":[{"count":0,"href":"http:\/\/niecodziennosc.kubic.info\/index.php?rest_route=\/wp\/v2\/posts\/7243\/revisions"}],"wp:attachment":[{"href":"http:\/\/niecodziennosc.kubic.info\/index.php?rest_route=%2Fwp%2Fv2%2Fmedia&parent=7243"}],"wp:term":[{"taxonomy":"category","embeddable":true,"href":"http:\/\/niecodziennosc.kubic.info\/index.php?rest_route=%2Fwp%2Fv2%2Fcategories&post=7243"},{"taxonomy":"post_tag","embeddable":true,"href":"http:\/\/niecodziennosc.kubic.info\/index.php?rest_route=%2Fwp%2Fv2%2Ftags&post=7243"}],"curies":[{"name":"wp","href":"https:\/\/api.w.org\/{rel}","templated":true}]}}