{"id":7245,"date":"2016-07-04T23:27:52","date_gmt":"2016-07-04T21:27:52","guid":{"rendered":"http:\/\/niecodziennosc.kubic.info\/index.php\/2016\/07\/04\/o-ogrodzie-i-polach\/"},"modified":"2016-07-04T23:27:52","modified_gmt":"2016-07-04T21:27:52","slug":"o-ogrodzie-i-polach","status":"publish","type":"post","link":"http:\/\/niecodziennosc.kubic.info\/?p=7245","title":{"rendered":"O ogrodzie i polach"},"content":{"rendered":"<p>Dlaczego pisz\u0119 o ogrodzie? Albo o polach, kt\u00f3re si\u0119 za nim ci\u0105gn\u0105? Bo one s\u0105 tym, o czym warto pisa\u0107. Nie o pracy, ciekawej i niepowtarzalnej ka\u017cdego dnia, nie o nowym sprz\u0119cie, nowym oprogramowaniu, nowych efektach w animacji, nowych zakupach, nowym biurze, nowym studiu fotograficznym. Cho\u0107 to wszystko jest fajne, ale wydaje si\u0119 tylko wst\u0119pem. Wst\u0119pem do le\u017cenia w ogrodzie, na kocu.<\/p>\n<p>Jakby le\u017cenia w ogrodzie, na trawie, nie mo\u017cna by\u0142o doceni\u0107 bez\u00a0tamtego&#65279; wszystkiego. Jak cz\u0119sto le\u017c\u0119? Raz na tydzie\u0144? Mo\u017ce raz na dwa tygodnie? My\u015bl o le\u017ceniu w ogrodzie jest tym, co mnie nap\u0119dza gdy budz\u0119 si\u0119 rano, prostuj\u0119 mi\u0119\u015bnie, jad\u0119 do pracy, przek\u0142adam kartki ze specyfikacjami technicznymi i czytajam maile z kolejnymi &#8222;pro\u015bbami&#8221; do spe\u0142nienia. Wtedy nad g\u0142ow\u0105 otwiera si\u0119 roz\u0142o\u017cysta korona starej czere\u015bni. Ziele\u0144 li\u015bci dope\u0142nia b\u0142\u0119kit nieba. Dalej s\u0105 krzaki porzeczek, czerwonych i czarnych. Potem maliniak, \u015bcinany ka\u017cdej jesieni i odrastaj\u0105cy wiosn\u0105. \u017badnego nag\u0142ego ruchu, \u017cadnego zaskoczenia, wszystko spokojne i przewidywalne. Nawet g\u0142osy ptak\u00f3w. <\/p>\n<p>&#65279;<\/p>\n","protected":false},"excerpt":{"rendered":"<p>Dlaczego pisz\u0119 o &#8230;<\/p>\n","protected":false},"author":1,"featured_media":0,"comment_status":"open","ping_status":"open","sticky":false,"template":"","format":"standard","meta":{"footnotes":""},"categories":[27],"tags":[896,870],"_links":{"self":[{"href":"http:\/\/niecodziennosc.kubic.info\/index.php?rest_route=\/wp\/v2\/posts\/7245"}],"collection":[{"href":"http:\/\/niecodziennosc.kubic.info\/index.php?rest_route=\/wp\/v2\/posts"}],"about":[{"href":"http:\/\/niecodziennosc.kubic.info\/index.php?rest_route=\/wp\/v2\/types\/post"}],"author":[{"embeddable":true,"href":"http:\/\/niecodziennosc.kubic.info\/index.php?rest_route=\/wp\/v2\/users\/1"}],"replies":[{"embeddable":true,"href":"http:\/\/niecodziennosc.kubic.info\/index.php?rest_route=%2Fwp%2Fv2%2Fcomments&post=7245"}],"version-history":[{"count":0,"href":"http:\/\/niecodziennosc.kubic.info\/index.php?rest_route=\/wp\/v2\/posts\/7245\/revisions"}],"wp:attachment":[{"href":"http:\/\/niecodziennosc.kubic.info\/index.php?rest_route=%2Fwp%2Fv2%2Fmedia&parent=7245"}],"wp:term":[{"taxonomy":"category","embeddable":true,"href":"http:\/\/niecodziennosc.kubic.info\/index.php?rest_route=%2Fwp%2Fv2%2Fcategories&post=7245"},{"taxonomy":"post_tag","embeddable":true,"href":"http:\/\/niecodziennosc.kubic.info\/index.php?rest_route=%2Fwp%2Fv2%2Ftags&post=7245"}],"curies":[{"name":"wp","href":"https:\/\/api.w.org\/{rel}","templated":true}]}}