{"id":7249,"date":"2016-06-22T08:28:42","date_gmt":"2016-06-22T06:28:42","guid":{"rendered":"http:\/\/niecodziennosc.kubic.info\/index.php\/2016\/06\/22\/po-dniu-pracy-biala-plama-w-pamieci\/"},"modified":"2016-06-22T08:28:42","modified_gmt":"2016-06-22T06:28:42","slug":"po-dniu-pracy-biala-plama-w-pamieci","status":"publish","type":"post","link":"http:\/\/niecodziennosc.kubic.info\/?p=7249","title":{"rendered":"Po dniu pracy bia\u0142a plama w pami\u0119ci"},"content":{"rendered":"<p>Rozpalone p\u0142yty, z kt\u00f3rych u\u0142o\u017cony jest skwer przed dworcem. Pierwszy dzie\u0144 lata. Przej\u015bcie tunelem i wyj\u015bcie na stanowiska autobus\u00f3w. Duszno tu, powietrze stoi pod sklepieniem. Duszny autobus, duszne i ciasne miejsce przy oknie. Duszna frustracja.<\/p>\n<p>Ca\u0142y dzie\u0144 w pracy, a on nie mo\u017ce sobie przypomnie\u0107, co robi\u0142. Nie dlatego, \u017ce nic nie robi\u0142, przeciwnie, ci\u0105gle co\u015b robi\u0142. Bez przerwy biega\u0142 z jakimi\u015b papierami, szuka\u0142 czego\u015b w internecie, rozmawia\u0142 z kim\u015b, kto nagle przyszed\u0142 i mia\u0142 nag\u0142\u0105 spraw\u0119. Szuka\u0142 czego\u015b na dyskach komputera, nie m\u00f3g\u0142 znale\u017a\u0107, cho\u0107 to co\u015b musia\u0142o tam by\u0107. Por\u00f3wnywa\u0142 oferty, kalkulowa\u0142, pr\u00f3bowa\u0142 przewidzie\u0107 przysz\u0142o\u015b\u0107, stworzy\u0107 strategi\u0119, pr\u00f3bowa\u0142 si\u0119 dodzwoni\u0107 do kogo\u015b, kto nie odbiera\u0142, z\u0142apa\u0107 kogo\u015b, kto ci\u0105gle nie mia\u0142 czasu. Pr\u00f3bowa\u0142 ogarn\u0105\u0107 ba\u0142agan w biurze, albo raczej obiecywa\u0142 sobie, \u017ce kiedy za\u0142atwi wi\u0119kszo\u015b\u0107 pal\u0105cych spraw, wtedy ogarnie ba\u0142agan. To znaczy zacznie go ogarnia\u0107, bo trudno przewidzie\u0107, ile zajmie ogarni\u0119cie.<\/p>\n<p>W komputerze co\u015b przesta\u0142o dzia\u0142a\u0107, co\u015b nie zrobi\u0142o si\u0119 do ko\u0144ca, wy\u015bwietli\u0142 si\u0119 b\u0142\u0105d, albo \u017caden b\u0142\u0105d si\u0119 nie wy\u015bwietli\u0142 i nie wiadomo o co chodzi. Trzeba wi\u0119c prze\u015bledzi\u0107, zbada\u0107, dociec, naprawi\u0107, skorygowa\u0107 jaki\u015b drobny b\u0142\u0105d, szczeg\u00f3\u0142, bzdur\u0119, bez kt\u00f3rej nie mo\u017cna dalej pracowa\u0107, to znaczy dalej goni\u0107 &#8211; z papierami, z ofertami, tworzeniem strategii.<\/p>\n<p>Cz\u0142owiek, kt\u00f3ry siedzie w tym pokoju, przy tym biurku i komputerze, ma zajmowa\u0107 si\u0119 tworzeniem obraz\u00f3w. To najbardziej lubi, w tym celu go tu posadzono. Wi\u0119c kiedy napisze co ma napisa\u0107, pouk\u0142ada co jest do u\u0142o\u017cenia, przyjmie i obs\u0142u\u017cy potrzebuj\u0105cych, wreszcie zajmie si\u0119 tym, o czym my\u015bli od tygodni. I wtedy b\u0119dzie m\u00f3g\u0142 to doceni\u0107.<\/p>\n","protected":false},"excerpt":{"rendered":"<p>Rozpalone p\u0142yty, z &#8230;<\/p>\n","protected":false},"author":1,"featured_media":0,"comment_status":"open","ping_status":"open","sticky":false,"template":"","format":"standard","meta":{"footnotes":""},"categories":[57],"tags":[34,70],"_links":{"self":[{"href":"http:\/\/niecodziennosc.kubic.info\/index.php?rest_route=\/wp\/v2\/posts\/7249"}],"collection":[{"href":"http:\/\/niecodziennosc.kubic.info\/index.php?rest_route=\/wp\/v2\/posts"}],"about":[{"href":"http:\/\/niecodziennosc.kubic.info\/index.php?rest_route=\/wp\/v2\/types\/post"}],"author":[{"embeddable":true,"href":"http:\/\/niecodziennosc.kubic.info\/index.php?rest_route=\/wp\/v2\/users\/1"}],"replies":[{"embeddable":true,"href":"http:\/\/niecodziennosc.kubic.info\/index.php?rest_route=%2Fwp%2Fv2%2Fcomments&post=7249"}],"version-history":[{"count":0,"href":"http:\/\/niecodziennosc.kubic.info\/index.php?rest_route=\/wp\/v2\/posts\/7249\/revisions"}],"wp:attachment":[{"href":"http:\/\/niecodziennosc.kubic.info\/index.php?rest_route=%2Fwp%2Fv2%2Fmedia&parent=7249"}],"wp:term":[{"taxonomy":"category","embeddable":true,"href":"http:\/\/niecodziennosc.kubic.info\/index.php?rest_route=%2Fwp%2Fv2%2Fcategories&post=7249"},{"taxonomy":"post_tag","embeddable":true,"href":"http:\/\/niecodziennosc.kubic.info\/index.php?rest_route=%2Fwp%2Fv2%2Ftags&post=7249"}],"curies":[{"name":"wp","href":"https:\/\/api.w.org\/{rel}","templated":true}]}}