{"id":7252,"date":"2016-06-19T00:45:08","date_gmt":"2016-06-18T22:45:08","guid":{"rendered":"http:\/\/niecodziennosc.kubic.info\/index.php\/2016\/06\/19\/to-nie-moje\/"},"modified":"2016-06-19T00:45:08","modified_gmt":"2016-06-18T22:45:08","slug":"to-nie-moje","status":"publish","type":"post","link":"http:\/\/niecodziennosc.kubic.info\/?p=7252","title":{"rendered":"To nie moje"},"content":{"rendered":"<p>Ciemno\u015b\u0107, droga asfaltowa, skr\u0119t do miasteczka na pag\u00f3rku. Skr\u0119caj\u0105c w lewo przeje\u017cd\u017ca si\u0119 przez grzbiet jak wielkiego morskiego zwierz\u0119cia. Auto przechyla si\u0119 z prawej strony w lew\u0105, takie dziwne skrzy\u017cowanie. Potem, po lewej i prawej stronie, domki niezbyt g\u0119sto ustawione, w ciemno\u015bci \u015bwiec\u0105 si\u0119 \u017car\u00f3wki na gankach, \u015bwiat\u0142o wy\u0142ania z ciemno\u015bci kszta\u0142ty. Samochody, zakwit\u0142e ja\u015bminy, hu\u015btawk\u0119, przystrzy\u017cone trawniki, przyci\u0119te krzewy, wy\u0142o\u017cone kostk\u0105 podjazdy.<\/p>\n<p>To nie moje.<\/p>\n<p>Dzi\u015b, przy szpitalnej sali pogrzebowej widzia\u0142em chodnik z pop\u0119kanego betonu i pokrzywionych p\u0142yt chodnikowych. Spomi\u0119dzy szczelin wyros\u0142y p\u0119dy trawy, natura zwyci\u0119\u017ca\u0142a nad marnym, sztucznym dzie\u0142em cz\u0142owieka. Zupe\u0142nie tak samo, jak trzydzie\u015bci lat temu, gdy wszystkie chodniki przegrywa\u0142y z natur\u0105 wkr\u00f3tce po ich wybudowaniu. Maltretowali\u015bmy ko\u0142ami rower\u00f3w wigry 4, wigry 3 te zielone k\u0119py, a one i tak ros\u0142y a\u017c chodnik gin\u0105\u0142 w zieleni. To w\u0142a\u015bnie m\u00f3j widok i m\u00f3j \u015bwiat, do kt\u00f3rego przyznaj\u0119 si\u0119 tylko tu, bo ju\u017c widz\u0119 w wyobra\u017ani te kiwania g\u0142ow\u0105 (g\u0142\u00f3wnie kobiece) z ubolewaniem, \u017ce t\u0119skni\u0119 za ba\u0142aganem.<\/p>\n<p>Nie, to nieprawda. to nie ba\u0142agan jest poci\u0105gaj\u0105cy, tylko pami\u0119\u0107. Wspomnienie zapach\u00f3w, ch\u0142odnego lub rozgrzanego powietrza na odkrytej sk\u00f3rze r\u0105k i n\u00f3g. Wspomnienie pierwszych podr\u00f3\u017cy rowerem poza podw\u00f3rko, odkrywania ulic, skrzy\u017cowa\u0144, przesmyk\u00f3w. Odkrywania siebie, bo nast\u0119powa\u0142o ono na zaro\u015bni\u0119tych i pop\u0119kanych chodnikach i asfaltach, na zardzewia\u0142ych, popsutych placach zabaw, na trawnikach, kt\u00f3rych nikt nie kosi\u0142, a je\u015bli ju\u017c to kos\u0105 lub wielk\u0105 kosiark\u0105 zaprz\u0119\u017con\u0105 do traktora. Czy to moja wina, \u017ce nie t\u0119skni\u0142em za Zachodem, \u017ce jako\u015b oboj\u0119tnie, (czy z rezygnacj\u0105?) s\u0142ucha\u0142em opowie\u015bci o tym, jak tam jest dobrze, a w tym czasie przydro\u017cne chaszcze, rowy i zaro\u015bni\u0119te dzik\u0105 traw\u0105 place zadamawia\u0142y si\u0119 w mojej \u015bwiadomo\u015bci?<\/p>\n<p><img fetchpriority=\"high\" decoding=\"async\" src=\"wp-content\/uploads\/2019\/03\/osiedletrzepakfotPiotrKubic.jpg\" alt=\"Osiedle XXX-lecia\" width=\"500\" height=\"331\" \/><\/p>\n","protected":false},"excerpt":{"rendered":"<p>Ciemno\u015b\u0107, droga &#8230;<\/p>\n","protected":false},"author":1,"featured_media":0,"comment_status":"open","ping_status":"open","sticky":false,"template":"","format":"standard","meta":{"footnotes":""},"categories":[27],"tags":[413,269],"_links":{"self":[{"href":"http:\/\/niecodziennosc.kubic.info\/index.php?rest_route=\/wp\/v2\/posts\/7252"}],"collection":[{"href":"http:\/\/niecodziennosc.kubic.info\/index.php?rest_route=\/wp\/v2\/posts"}],"about":[{"href":"http:\/\/niecodziennosc.kubic.info\/index.php?rest_route=\/wp\/v2\/types\/post"}],"author":[{"embeddable":true,"href":"http:\/\/niecodziennosc.kubic.info\/index.php?rest_route=\/wp\/v2\/users\/1"}],"replies":[{"embeddable":true,"href":"http:\/\/niecodziennosc.kubic.info\/index.php?rest_route=%2Fwp%2Fv2%2Fcomments&post=7252"}],"version-history":[{"count":0,"href":"http:\/\/niecodziennosc.kubic.info\/index.php?rest_route=\/wp\/v2\/posts\/7252\/revisions"}],"wp:attachment":[{"href":"http:\/\/niecodziennosc.kubic.info\/index.php?rest_route=%2Fwp%2Fv2%2Fmedia&parent=7252"}],"wp:term":[{"taxonomy":"category","embeddable":true,"href":"http:\/\/niecodziennosc.kubic.info\/index.php?rest_route=%2Fwp%2Fv2%2Fcategories&post=7252"},{"taxonomy":"post_tag","embeddable":true,"href":"http:\/\/niecodziennosc.kubic.info\/index.php?rest_route=%2Fwp%2Fv2%2Ftags&post=7252"}],"curies":[{"name":"wp","href":"https:\/\/api.w.org\/{rel}","templated":true}]}}