{"id":7254,"date":"2016-06-13T22:42:44","date_gmt":"2016-06-13T20:42:44","guid":{"rendered":"http:\/\/niecodziennosc.kubic.info\/index.php\/2016\/06\/13\/sciana-po-sasiedzku\/"},"modified":"2016-06-13T22:42:44","modified_gmt":"2016-06-13T20:42:44","slug":"sciana-po-sasiedzku","status":"publish","type":"post","link":"http:\/\/niecodziennosc.kubic.info\/?p=7254","title":{"rendered":"\u015aciana po s\u0105siedzku"},"content":{"rendered":"<p>Z mojego nowego pokoju wychodzi si\u0119 na p\u00f3\u0142pi\u0119tro. Gdy otwieram szeroko drzwi, widz\u0119 przed sob\u0105 sp\u0142ywaj\u0105c\u0105 w lewo, w d\u00f3\u0142, balustrad\u0119 schod\u00f3w. Do balustrady s\u0105 trzy kroki, a je\u015bli du\u017ce, to dwa. Z lewej strony balustrada przerywa si\u0119, \u017ceby mo\u017cna by\u0142o wej\u015b\u0107 na schody. To niezbyt szerokie przej\u015bcie ograniczone jest z lewej ob\u0142\u0105 \u015bcian\u0105, a z prawej, u pod\u0142ogi, okr\u0105g\u0142ym cokolikiem, z kt\u00f3rego wyrasta wspornik balustrady. Gdy id\u0119 zamy\u015blony, patrz\u0119 w d\u00f3\u0142 i szukam wzrokiem drogi mi\u0119dzy tymi dwiema kr\u0105g\u0142o\u015bciami. Gdybym nie uwa\u017ca\u0142, m\u00f3g\u0142bym si\u0119 potkn\u0105\u0107 o cokolik, ale to tylko kwestia przyzwyczajenia i wydeptania niewidzialnej \u015bcie\u017cki, w mojej pami\u0119ci. Wydeptuj\u0119 \u015bcie\u017ck\u0119 ju\u017c na powa\u017cnie, ju\u017c nie ma odwrotu, ju\u017c wi\u0119kszo\u015b\u0107 grat\u00f3w zniesionych, ju\u017c tu, w tym pokoju, zostawiam okrycie i \u015bci\u0105gam z siebie plecak, zaraz po przyj\u015bciu. Te drzwi jeszcze nie moje, jeszcze nie trafiam r\u0119k\u0105 na wy\u0142\u0105cznik \u015bwiat\u0142a, bo powinien by\u0107 po prawej, a jest po lewej. Ale to tylko kwestia czasu i powstania mapy pami\u0119ci. I odruch\u00f3w. Kt\u00f3re sprawi\u0105, \u017ce przestan\u0119 dostrzega\u0107 to, co dostrzegam. Dlatego pr\u00f3buj\u0119 zachowa\u0107 ten stan jeszcze przez chwil\u0119, pr\u00f3buj\u0119 jeszcze si\u0119 dziwi\u0107, zanim zdziwienie rozp\u0142ynie si\u0119, i ta niecodzienno\u015b\u0107 stanie si\u0119 codzienno\u015bci\u0105, w kt\u00f3rej najpierw powoli, a potem z coraz wi\u0119ksz\u0105 potrzeb\u0105, a potem rozpaczliwie, zaczn\u0119 szuka\u0107 niecodzienno\u015bci.<\/p>\n<p>Wychodz\u0119 z pokoju, zamykam drzwi na klucz i id\u0119 go odda\u0107 na portierni. Odwracam si\u0119 i pomi\u0119dzy ob\u0142\u0105 \u015bcian\u0105 a cokolikiem, w g\u0142\u0119bi, po drugiej stronie schod\u00f3w, dostrzegam pust\u0105 \u015bcian\u0119. Zawsze tu by\u0142a, przechodz\u0119 obok niej od szesnastu lat. Dopiero teraz j\u0105 widz\u0119 i wiem, \u017ce za ka\u017cdym wyj\u015bciem b\u0119d\u0119 stawa\u0142 z ni\u0105 twarz\u0105 w twarz. &#8222;Witaj! B\u0119dziemy s\u0105siadami. Nikt Ci\u0119 do tej pory nie widzia\u0142, teraz ja b\u0119d\u0119.&#8221;<\/p>\n","protected":false},"excerpt":{"rendered":"<p>Z mojego nowego &#8230;<\/p>\n","protected":false},"author":1,"featured_media":0,"comment_status":"open","ping_status":"open","sticky":false,"template":"","format":"standard","meta":{"footnotes":""},"categories":[27],"tags":[590,874,870,655],"_links":{"self":[{"href":"http:\/\/niecodziennosc.kubic.info\/index.php?rest_route=\/wp\/v2\/posts\/7254"}],"collection":[{"href":"http:\/\/niecodziennosc.kubic.info\/index.php?rest_route=\/wp\/v2\/posts"}],"about":[{"href":"http:\/\/niecodziennosc.kubic.info\/index.php?rest_route=\/wp\/v2\/types\/post"}],"author":[{"embeddable":true,"href":"http:\/\/niecodziennosc.kubic.info\/index.php?rest_route=\/wp\/v2\/users\/1"}],"replies":[{"embeddable":true,"href":"http:\/\/niecodziennosc.kubic.info\/index.php?rest_route=%2Fwp%2Fv2%2Fcomments&post=7254"}],"version-history":[{"count":0,"href":"http:\/\/niecodziennosc.kubic.info\/index.php?rest_route=\/wp\/v2\/posts\/7254\/revisions"}],"wp:attachment":[{"href":"http:\/\/niecodziennosc.kubic.info\/index.php?rest_route=%2Fwp%2Fv2%2Fmedia&parent=7254"}],"wp:term":[{"taxonomy":"category","embeddable":true,"href":"http:\/\/niecodziennosc.kubic.info\/index.php?rest_route=%2Fwp%2Fv2%2Fcategories&post=7254"},{"taxonomy":"post_tag","embeddable":true,"href":"http:\/\/niecodziennosc.kubic.info\/index.php?rest_route=%2Fwp%2Fv2%2Ftags&post=7254"}],"curies":[{"name":"wp","href":"https:\/\/api.w.org\/{rel}","templated":true}]}}