{"id":7258,"date":"2016-06-05T01:07:39","date_gmt":"2016-06-04T23:07:39","guid":{"rendered":"http:\/\/niecodziennosc.kubic.info\/index.php\/2016\/06\/05\/niewinnie-szczery\/"},"modified":"2019-05-05T01:42:08","modified_gmt":"2019-05-04T23:42:08","slug":"niewinnie-szczery","status":"publish","type":"post","link":"http:\/\/niecodziennosc.kubic.info\/?p=7258","title":{"rendered":"Niewinnie szczery"},"content":{"rendered":"<p>&#8211; Nie czuj\u0119, \u017ce co\u015b szczeg\u00f3lnego si\u0119 sta\u0142o &#8211; powiedzia\u0142 Beniamin, trzymaj\u0105c w r\u0119ku trofeum &#8222;dla najlepszego bramkarza&#8221;. Na turnieju pi\u0142karskim.<\/p>\n<p>Kiedy kolega z dru\u017cyny zapyta\u0142 go:<br \/>&#8211; Za co dali ci tytu\u0142 najlepszego bramkarza?<br \/>Odpowiedzia\u0142 beztrosko, tyle szczerze co nierozwa\u017cnie, z uczciwo\u015bci\u0105 naiwn\u0105:<br \/>&#8211; Nie wiem za co.<\/p>\n<p>Ale ja wiem, bo widzia\u0142em, jak broni\u0142 bramk\u0119. Ale wiem te\u017c, \u017ce on tego nie dostrzega. A nie dostrzega, bo naprawd\u0119 by\u0142 zaj\u0119ty bronieniem.<\/p>\n<p>Tak, syn ma racj\u0119. Zostajemy wyr\u00f3\u017cnieni, otrzymujemy nagrod\u0119, ale przecie\u017c tak naprawd\u0119 wiele si\u0119 nie zmienia. Dopiero z czasem zaczynamy okleja\u0107 to wydarzenie nimbem niezwyk\u0142o\u015bci. Tworzymy legend\u0119, znajdujemy uzasadnienia, \u017ce tak w\u0142a\u015bnie mia\u0142o by\u0107.<\/p>\n<p>Lubi\u0119 jego spostrze\u017cenia. Jest w nich co\u015b bardzo mi znajomego, tak bardzo, \u017ce chce si\u0119 powiedzie\u0107: tak, jest w\u0142a\u015bnie tak, jak m\u00f3wisz. To jak cud, niesamowite, nie do uwierzenia. Gdybym nie zna\u0142 poj\u0119cia &#8222;geny&#8221; i nie wiedzia\u0142, \u017ce on ma po\u0142ow\u0119 moich.<\/p>\n<p>&#65279;<\/p>\n","protected":false},"excerpt":{"rendered":"<p>&#8211; Nie czuj\u0119, \u017ce&#8230;<\/p>\n","protected":false},"author":1,"featured_media":0,"comment_status":"open","ping_status":"open","sticky":false,"template":"","format":"standard","meta":{"footnotes":""},"categories":[179,909],"tags":[893,867,373,38,878],"_links":{"self":[{"href":"http:\/\/niecodziennosc.kubic.info\/index.php?rest_route=\/wp\/v2\/posts\/7258"}],"collection":[{"href":"http:\/\/niecodziennosc.kubic.info\/index.php?rest_route=\/wp\/v2\/posts"}],"about":[{"href":"http:\/\/niecodziennosc.kubic.info\/index.php?rest_route=\/wp\/v2\/types\/post"}],"author":[{"embeddable":true,"href":"http:\/\/niecodziennosc.kubic.info\/index.php?rest_route=\/wp\/v2\/users\/1"}],"replies":[{"embeddable":true,"href":"http:\/\/niecodziennosc.kubic.info\/index.php?rest_route=%2Fwp%2Fv2%2Fcomments&post=7258"}],"version-history":[{"count":1,"href":"http:\/\/niecodziennosc.kubic.info\/index.php?rest_route=\/wp\/v2\/posts\/7258\/revisions"}],"predecessor-version":[{"id":8920,"href":"http:\/\/niecodziennosc.kubic.info\/index.php?rest_route=\/wp\/v2\/posts\/7258\/revisions\/8920"}],"wp:attachment":[{"href":"http:\/\/niecodziennosc.kubic.info\/index.php?rest_route=%2Fwp%2Fv2%2Fmedia&parent=7258"}],"wp:term":[{"taxonomy":"category","embeddable":true,"href":"http:\/\/niecodziennosc.kubic.info\/index.php?rest_route=%2Fwp%2Fv2%2Fcategories&post=7258"},{"taxonomy":"post_tag","embeddable":true,"href":"http:\/\/niecodziennosc.kubic.info\/index.php?rest_route=%2Fwp%2Fv2%2Ftags&post=7258"}],"curies":[{"name":"wp","href":"https:\/\/api.w.org\/{rel}","templated":true}]}}