{"id":7259,"date":"2016-06-02T17:14:29","date_gmt":"2016-06-02T15:14:29","guid":{"rendered":"http:\/\/niecodziennosc.kubic.info\/index.php\/2016\/06\/02\/ciekawy-jest-ten-swiat-czyli-po-prostu-refleksje\/"},"modified":"2016-06-02T17:14:29","modified_gmt":"2016-06-02T15:14:29","slug":"ciekawy-jest-ten-swiat-czyli-po-prostu-refleksje","status":"publish","type":"post","link":"http:\/\/niecodziennosc.kubic.info\/?p=7259","title":{"rendered":"Ciekawy jest ten \u015bwiat, czyli po prostu refleksje"},"content":{"rendered":"<p>I<\/p>\n<p>Ha, wyobra\u017a sobie, \u017ce projektujesz plakat. Dostajesz tre\u015b\u0107, kt\u00f3ra ma si\u0119 na nim znale\u017a\u0107. Reszta nale\u017cy do Ciebie. My\u015blisz, kombinujesz, ale przede wszystkim &#8211; czujesz, bo wizualno\u015b\u0107 po pierwsze dzia\u0142a, ma dzia\u0142a\u0107, na emocje. Tre\u015b\u0107 w tobie jako\u015b rezonuje, bardziej lub mniej. Pr\u00f3bujesz wyczu\u0107 rytm, zaczynasz dostrzega\u0107, co jest wa\u017cniejsze, co mniej wa\u017cne. Dobierasz kolorystyk\u0119, czcionk\u0119, my\u015blisz o uk\u0142adzie, przymierzasz, pr\u00f3bujesz, przesuwasz, powi\u0119kszasz, zmniejszasz. Plakat powinien zwraca\u0107 na siebie uwag\u0119, ale czym, jak, skoro wszystkie plakaty maj\u0105 zwraca\u0107 na siebie uwag\u0119? Plakat to nie tylko dos\u0142owno\u015b\u0107, s\u0142owa, du\u017ce i mniejsze, kt\u00f3re musz\u0105 si\u0119 tam znale\u017a\u0107. Obraz to przep\u0142yw napi\u0119\u0107, mo\u017ce by\u0107 jak wznoszenie si\u0119, albo opadanie, jak bieg, albo spok\u00f3j, wytchnienie, bezruch.<\/p>\n<p>No wi\u0119c to wszystko, co ewentualnie czujesz, pr\u00f3bujesz przemieni\u0107 na obraz. Co\u015b tam ju\u017c wiesz o obrazie, od kilkunastu lat zmagasz si\u0119 z nim, na r\u00f3\u017cnych polach. W ko\u0144cu &#8211; gotowe! Jeszcze wyj\u015bcie na kaw\u0119, odwr\u00f3cenie oczu od monitora, albo cho\u0107by przej\u015bcie korytarzem. Wa\u017cne, \u017ceby si\u0119 oderwa\u0107 przynajmniej na kilka, kilkana\u015bcie minut i potem zn\u00f3w powr\u00f3ci\u0107. Ostatnie poprawki. W ko\u0144cu wysy\u0142asz dzie\u0142ko zleceniodawcy.<\/p>\n<p>I co? \u015awietnie! Wszystko dobrze. Jest tylko jedna pro\u015bba &#8211; \u017ceby ten wyraz, co jest przekrzywiony lekko w lewo, przekr\u0119ci\u0107 lekko w prawo.<\/p>\n<p>Tylko tyle? Naprawd\u0119? Niemo\u017cliwe&#8230; \u017badnej dyskusji o koncepcji, \u017ce paleta barw, \u017ce przekaz, \u017ce styl, \u017ce target. Nie, wszystko w porz\u0105dku, tylko lekko przekr\u0119ci\u0107 jeden wyraz. No wszystko jest genialnie, ale ten jeden wyraz &#8211; no nie, to jako\u015b nie wysz\u0142o. <\/p>\n<p>Obserwowa\u0142em takie zjawisko kilka razy. Bardzo ciekawe. Na przyk\u0142ad pewien krytyk napisa\u0142 kiedy\u015b o pewnym re\u017cyserze, \u017ce jeden jego spektakl by\u0142 genialny, ale drugi mu niestety &#8222;nie wyszed\u0142&#8221;. Albo &#8211; opowiadanie jest super, tylko ten jeden akapit &#8211; niedobry, do niczego. Ha! Wyobra\u017cam sobie tak\u0105 sytuacj\u0119 &#8211; kto\u015b jaki\u015b patrzy na r\u00f3wnania Einsteina i w pewnym momencie m\u00f3wi &#8211; przecie\u017c tu trzeba przestawi\u0107 przecinek! <\/p>\n<p>Nie do ko\u0144ca wiem dlaczego, ale chce mi si\u0119 \u015bmia\u0107 &#8212; ha ha ha! &#8212; i nawet mog\u0119 sobie na to pozwoli\u0107, bo wszyscy z biura ju\u017c poszli!!<\/p>\n<p>\u00a0<\/p>\n<p>\u00a0<\/p>\n<p>II<\/p>\n<p>Mam nowy pok\u00f3j w pracy. Jestem szcz\u0119\u015bliwy. Pok\u00f3j na razie prawie pusty, a pi\u0119tro ni\u017cej pi\u0119trzy si\u0119 sterta mebli i sprz\u0119tu, kt\u00f3re trzeba b\u0119dzie w tym pokoju zmie\u015bci\u0107. Ogarnia mnie poczucie lekkiego zagubienia. Znam je! Zwiastuje dobrze! Badam przestrze\u0144 i widz\u0119 tyle w\u0105tk\u00f3w, kt\u00f3re nale\u017cy podj\u0105\u0107 &#8211; zawieszenie g\u0142o\u015bnik\u00f3w, wymiana \u017cyrandola, ustawienie szaf, podwieszenie lamp i rozpraszaczy, maskowanie kabli, przerobienie p\u00f3\u0142ek, pod\u0142\u0105czenie lod\u00f3wki, gdzie postawi\u0107 statywy, a gdzie drobne akcesoria. Lecz nie szczeg\u00f3\u0142y s\u0105 teraz najwa\u017cniejsze &#8211; najwa\u017cniejsza jest wizja ca\u0142o\u015bci. Ma si\u0119 ona posk\u0142ada\u0107 z kawa\u0142eczk\u00f3w, elemencik\u00f3w, klock\u00f3w, kt\u00f3re jeszcze nigdy nie by\u0142y ze sob\u0105 zestawiane.<\/p>\n<p>Gdybym pali\u0142, pewnie wzi\u0105\u0142bym teraz papierosa. Ale si\u0119gam po butelk\u0119 wody, stawiam krzes\u0142o w \u015brodku pustego pokoju. Nie patrz\u0119 w \u017cadne konkretne miejsce, tylko gdzie\u015b, sam nie wiem gdzie. Ch\u0142on\u0119 przestrze\u0144 i wiem, co co\u015b tam w m\u00f3zgu samo si\u0119 uk\u0142ada. Potem id\u0119 pi\u0119tro ni\u017cej, stawiam krzes\u0142o przy stercie sprz\u0119t\u00f3w. Siadam, popijam wod\u0119, patrz\u0119 na to, co b\u0119dzie musia\u0142o przej\u015b\u0107 przez moje r\u0119ce. Mijaj\u0105 minuty. Za chwil\u0119 oddam klucz na portierni i wyjd\u0119. Jutro pojawi si\u0119 wizja&#8230;<\/p>\n","protected":false},"excerpt":{"rendered":"<p>I<\/p>\n<p>Ha, &#8230;<\/p>\n","protected":false},"author":1,"featured_media":0,"comment_status":"open","ping_status":"open","sticky":false,"template":"","format":"standard","meta":{"footnotes":""},"categories":[57],"tags":[34,435,870,70,166],"_links":{"self":[{"href":"http:\/\/niecodziennosc.kubic.info\/index.php?rest_route=\/wp\/v2\/posts\/7259"}],"collection":[{"href":"http:\/\/niecodziennosc.kubic.info\/index.php?rest_route=\/wp\/v2\/posts"}],"about":[{"href":"http:\/\/niecodziennosc.kubic.info\/index.php?rest_route=\/wp\/v2\/types\/post"}],"author":[{"embeddable":true,"href":"http:\/\/niecodziennosc.kubic.info\/index.php?rest_route=\/wp\/v2\/users\/1"}],"replies":[{"embeddable":true,"href":"http:\/\/niecodziennosc.kubic.info\/index.php?rest_route=%2Fwp%2Fv2%2Fcomments&post=7259"}],"version-history":[{"count":0,"href":"http:\/\/niecodziennosc.kubic.info\/index.php?rest_route=\/wp\/v2\/posts\/7259\/revisions"}],"wp:attachment":[{"href":"http:\/\/niecodziennosc.kubic.info\/index.php?rest_route=%2Fwp%2Fv2%2Fmedia&parent=7259"}],"wp:term":[{"taxonomy":"category","embeddable":true,"href":"http:\/\/niecodziennosc.kubic.info\/index.php?rest_route=%2Fwp%2Fv2%2Fcategories&post=7259"},{"taxonomy":"post_tag","embeddable":true,"href":"http:\/\/niecodziennosc.kubic.info\/index.php?rest_route=%2Fwp%2Fv2%2Ftags&post=7259"}],"curies":[{"name":"wp","href":"https:\/\/api.w.org\/{rel}","templated":true}]}}