{"id":7267,"date":"2016-04-27T08:35:57","date_gmt":"2016-04-27T06:35:57","guid":{"rendered":"http:\/\/niecodziennosc.kubic.info\/index.php\/2016\/04\/27\/leczenie-meza\/"},"modified":"2019-05-05T01:42:08","modified_gmt":"2019-05-04T23:42:08","slug":"leczenie-meza","status":"publish","type":"post","link":"http:\/\/niecodziennosc.kubic.info\/?p=7267","title":{"rendered":"Leczenie m\u0119\u017ca"},"content":{"rendered":"<p>Jestem chory jak dawno nie by\u0142em. B\u00f3l zmniejsza si\u0119, kiedy zabior\u0119 si\u0119 za jak\u0105\u015b prac\u0119, wtedy w p\u00f3\u0142 minuty jest dobrze. Gorzej z momentami, w kt\u00f3rych nie robi\u0119 nic, wtedy mam wra\u017cenie, \u017ce \u015bwiat wali si\u0119 na mnie, przygniata, lub przeciwnie, \u017ce stoi jak Wiesiek, po drugiej stronie ulicy, jakby w bezpiecznej odleg\u0142o\u015bci, patrz\u0105c beznami\u0119tnie i pozostawiaj\u0105c na pastw\u0119 mojego w\u0142asnego cia\u0142a. Jeszcze wczoraj nie wiedzia\u0142em, \u017ce mam przedramiona, ramiona, uda, \u0142ydki, kostki, \u017ce w g\u0142owie mieszcz\u0105 si\u0119 na przyk\u0142ad zatoki. Dzi\u015b odbieram kar\u0119 za t\u0119 ignorancj\u0119, zwyk\u0142y biceps m\u00f3wi mi &#8211; ja te\u017c jestem wa\u017cny, zapomnia\u0142e\u015b o mnie, znosi\u0142em to d\u0142ugo, ale teraz mam tego do\u015b\u0107, jaka szkoda, \u017ce nie mog\u0119 oderwa\u0107 si\u0119 od ciebie i zacz\u0105\u0107 \u017cy\u0107 w\u0142asnym \u017cyciem.<\/p>\n<p>Przyznaj\u0119 mu racj\u0119, kajam si\u0119, przyjmuj\u0119 konsekwencje,\u00a0wyznaj\u0119 m\u00f3j egocentryzm&#65279;, pokutuj\u0119. To moje cia\u0142o i jak ono ode mnie, tak i ja nie mog\u0119 si\u0119 od niego uwolni\u0107, wi\u0119c jeste\u015bmy skazani na bycie razem i wsp\u00f3lne zej\u015bcie do grobu. Nie, jeszcze nie teraz, nie s\u0105dz\u0119, ale kiedy\u015b fakt ten nast\u0105pi, pewnie poprzedzony pomniejszymi faktami powolnego schodzenia. Jak u Teresy, mieszkanki domu spokojnej staro\u015bci, kt\u00f3ra zapad\u0142a na zapalenie p\u0142uc i przez dwa tygodnie, w malignie, nieprzytomna, chwia\u0142a si\u0119 na granicy dw\u00f3ch \u015bwiat\u00f3w; a z tego co wtedy s\u0142ysza\u0142a i widzia\u0142a, mog\u0142aby napisa\u0107 powie\u015b\u0107. Cho\u0107 wcze\u015bniej by\u0142a zupe\u0142nie samodzielna, potem nie mog\u0142a podnosi\u0107 r\u0105k, nie m\u00f3wi\u0105c o chodzeniu. Ciekawe, zapalenie dotyczy\u0142o p\u0142uc, a sparali\u017cowa\u0142o nogi. Po miesi\u0105cach \u0107wicze\u0144 wreszcie chodzi, trzymaj\u0105c si\u0119 \u015bcian lub chodzika.<\/p>\n<p>To drobna historia, nie warta wspominania i nie wspomnia\u0142bym jej, gdyby nie moja r\u00f3wnie\u017c drobna infekcja, w kt\u00f3rej ja te\u017c trzymam si\u0119 \u015bcian i wyprawiam si\u0119, zgarbiony, do ubikacji, jakby by\u0142a po drugiej stronie mojego miasteczka. To tylko grypa, tak si\u0119 m\u00f3wi i dobrze, bo to do\u015b\u0107 uniwersalne\u00a0 s\u0142owo, i gdyby si\u0119 pomyli\u0107 w diagnozie, to pomy\u0142ka i tak niewiele zmienia.<\/p>\n<p>Zreszt\u0105 nieustaj\u0105ce poczucie schodzenia do grobu ma we krwi moja rodzina, od strony ojca. Niezliczon\u0105 ilo\u015b\u0107 razy jego bracia przyznawali, \u017ce umieraj\u0105, cho\u0107 faktycznie byli w stanie prze\u017cy\u0107 swoich r\u00f3wie\u015bnik\u00f3w. Mo\u017ce wi\u0119c zn\u00f3w egocentryzm? Psychologowie m\u00f3wi\u0105: ch\u0119\u0107 zwr\u00f3cenia na siebie uwagi. Ale mo\u017cliwe, \u017ce to powierzchowna analiza, dlaczego bowiem nie wierzy\u0107 komu\u015b na s\u0142owo, \u017ce czuje si\u0119, jakby umiera\u0142? Podobno ca\u0142e \u017cycie od urodzenia to powolne umieranie, mo\u017cliwe wi\u0119c, \u017ce moi wujkowie na sobie do\u015bwiadczali tej og\u00f3lnoludzkiej zasady, a mieli tyle odwagi, mo\u017ce szczero\u015bci albo prostoduszno\u015bci, by zbyt cz\u0119sto si\u0119 do owych wra\u017ce\u0144 przyznawa\u0107?<\/p>\n<p>\u00a0<\/p>\n<p>&#8212;&#8212;&#8212;<\/p>\n<p>\u00a0<\/p>\n<p>Ciesz\u0119 si\u0119, \u017ce m\u00f3j m\u0105\u017c jest chory. Ups, to zabrzmia\u0142o strasznie. Ale kiedy jest chory, to przynajmniej jest w domu. Dzi\u015b siedzia\u0142 z nami przy \u015bniadaniu, chocia\u017c nie musia\u0142. Kiedy jest chory, to czasem co\u015b w domu zrobi, ale to zale\u017cy od tego, jak bardzo jest chory. Tym razem nie mo\u017cna na niego liczy\u0107, widz\u0119 to. W dodatku kiedy jest chory, jest te\u017c obci\u0105\u017ceniem. Ta jego zbola\u0142a twarz, martwi\u0119 si\u0119, to oczywiste. A on nawet nie chce si\u0119 leczy\u0107. Powtarzam, \u017ce w leczeniu najwa\u017cniejsza jest konsekwencja, ale do niego to nie dociera. Niech wi\u0119c robi co chce, ja mam wystarczaj\u0105co du\u017co spraw na g\u0142owie. Wczoraj na przyk\u0142ad rozlicza\u0142am PITy, drukarka si\u0119 zaci\u0119\u0142a a potem w og\u00f3le komputer stan\u0105\u0142. M\u0105\u017c przyszed\u0142 w\u0142a\u015bnie po pracy i zerkn\u0105\u0142, okaza\u0142o si\u0119, \u017ce pr\u00f3bowa\u0142am drukowa\u0107 na faksie zamiast na drukarce. No to si\u0119 do czego\u015b przyda\u0142.<\/p>\n<p>Rano &#8211; wyprawianie dzieci, wi\u0119c nawet nie ma czasu, \u017ceby specjalnie porozmawia\u0107. Przynios\u0142am mu do \u0142\u00f3\u017cka zestaw na infekcj\u0119 zatok, sam chcia\u0142. To znaczy, \u017ce musia\u0142o go wzi\u0105\u0107 na powa\u017cnie, dopiek\u0142o mu, m\u00f3wi\u0105c kr\u00f3tko. A potem wsta\u0142 i sam si\u0119 sob\u0105 zaj\u0105\u0142. Dobrze, bo mnie jeszcze jedno dziecko nie jest potrzebne. Zostawi\u0142am go przy stole w kuchni, za oknem w\u0142a\u015bnie zacz\u0119\u0142o pada\u0107, wi\u0119c pojad\u0119 z dzie\u0107mi samochodem. I tak wiem, \u017ce kiedy wyjd\u0119, we\u017amie komputer i zacznie co\u015b tam robi\u0107, zamiast si\u0119 po\u0142o\u017cy\u0107. I tyle to jego leczenie jest warte&#8230;<\/p>\n","protected":false},"excerpt":{"rendered":"<p>Jestem chory jak &#8230;<\/p>\n","protected":false},"author":1,"featured_media":0,"comment_status":"open","ping_status":"open","sticky":false,"template":"","format":"standard","meta":{"footnotes":""},"categories":[50,909],"tags":[590,38,638,866],"_links":{"self":[{"href":"http:\/\/niecodziennosc.kubic.info\/index.php?rest_route=\/wp\/v2\/posts\/7267"}],"collection":[{"href":"http:\/\/niecodziennosc.kubic.info\/index.php?rest_route=\/wp\/v2\/posts"}],"about":[{"href":"http:\/\/niecodziennosc.kubic.info\/index.php?rest_route=\/wp\/v2\/types\/post"}],"author":[{"embeddable":true,"href":"http:\/\/niecodziennosc.kubic.info\/index.php?rest_route=\/wp\/v2\/users\/1"}],"replies":[{"embeddable":true,"href":"http:\/\/niecodziennosc.kubic.info\/index.php?rest_route=%2Fwp%2Fv2%2Fcomments&post=7267"}],"version-history":[{"count":1,"href":"http:\/\/niecodziennosc.kubic.info\/index.php?rest_route=\/wp\/v2\/posts\/7267\/revisions"}],"predecessor-version":[{"id":8922,"href":"http:\/\/niecodziennosc.kubic.info\/index.php?rest_route=\/wp\/v2\/posts\/7267\/revisions\/8922"}],"wp:attachment":[{"href":"http:\/\/niecodziennosc.kubic.info\/index.php?rest_route=%2Fwp%2Fv2%2Fmedia&parent=7267"}],"wp:term":[{"taxonomy":"category","embeddable":true,"href":"http:\/\/niecodziennosc.kubic.info\/index.php?rest_route=%2Fwp%2Fv2%2Fcategories&post=7267"},{"taxonomy":"post_tag","embeddable":true,"href":"http:\/\/niecodziennosc.kubic.info\/index.php?rest_route=%2Fwp%2Fv2%2Ftags&post=7267"}],"curies":[{"name":"wp","href":"https:\/\/api.w.org\/{rel}","templated":true}]}}