{"id":7270,"date":"2016-04-10T21:10:57","date_gmt":"2016-04-10T19:10:57","guid":{"rendered":"http:\/\/niecodziennosc.kubic.info\/index.php\/2016\/04\/10\/tuz-przed-polnoca\/"},"modified":"2019-10-23T08:58:57","modified_gmt":"2019-10-23T06:58:57","slug":"tuz-przed-polnoca","status":"publish","type":"post","link":"http:\/\/niecodziennosc.kubic.info\/?p=7270","title":{"rendered":"Tu\u017c przed p\u00f3\u0142noc\u0105"},"content":{"rendered":"<p>Tu\u017c przed p\u00f3\u0142noc\u0105 zerwa\u0142 si\u0119 zachodni wiatr. P\u0119dzi\u0142 rozleg\u0142ymi polami na d\u0142ugich pag\u00f3rkach, wdar\u0142 si\u0119 w w\u0105sk\u0105 dolin\u0119 u zbiegu dw\u00f3ch wzniesie\u0144, kt\u00f3ra wygl\u0105da\u0142a jak wy\u017c\u0142obiona wielkim ostrzem doci\u015bni\u0119tym od strony nieba. Zabra\u0142 stamt\u0105d lepki zapach wilgoci, poni\u00f3s\u0142 w g\u00f3r\u0119, w szpaler nagich jesion\u00f3w, wyznaczaj\u0105cych drog\u0119 w stron\u0119 osiedla.<\/p>\n<p>Dotar\u0142szy do pierwszej linii zabudowa\u0144 zwolni\u0142, kluczy\u0142 mi\u0119dzy ogr\u00f3dkami i domkami jednorodzinnymi. Pierwszy poczu\u0142 go Oklo, kt\u00f3rego dom wysuwa\u0142 si\u0119 od zachodniej strony. Oklo sta\u0142 na ma\u0142ym balkonie, wysuni\u0119tym poza opadaj\u0105c\u0105 lini\u0119 dachu. Potem wiatr rozwia\u0142 w\u0142osy Lakeh, stoj\u0105cej nieco na p\u00f3\u0142noc, dalej dotar\u0142 do Fritza, Halmy, Nanatta i innych. Wszyscy zwr\u00f3ceni w zachodni\u0105 stron\u0119, w ciemne niebo i ledwo widoczne pasma p\u00f3l. Pierwsza fala wiatru przesuwa\u0142a si\u0119 przez samotne osiedle, kt\u00f3re nie by\u0142o cz\u0119\u015bci\u0105 miasta, nie le\u017ca\u0142o na peryferiach, przez kt\u00f3rego \u015brodek bieg\u0142a droga bez pocz\u0105tku i bez ko\u0144ca.<\/p>\n<p>Ostatni poczu\u0142 wiatr na twarzy Morton, tkwi\u0142 na swoim balkonie po wschodniej tronie osiedla. Kiedy\u015b on osiedli\u0142 si\u0119 tu jako pierwszy. Ka\u017cdy nast\u0119pny przybysz stawia\u0142 dom na zach\u00f3d od Mortona i kolejnych. Najkr\u00f3cej mieszkaj\u0105cy by\u0142 najdalej wysuni\u0119ty na zach\u00f3d i to on pierwszy odczuwa\u0142 wiatr, ka\u017cdej nocy, tu\u017c przed p\u00f3\u0142noc\u0105.<\/p>\n<p>Morton odetchn\u0105\u0142 spokojnie, przesun\u0105\u0142 r\u0119k\u0105 po czole, pomarszczona sk\u00f3ra d\u0142oni zetkn\u0119\u0142a si\u0119 z siwymi, rzadkimi w\u0142osami. Mija\u0142a p\u00f3\u0142noc. Ch\u0142on\u0105\u0142 jeszcze przez chwil\u0119 wiatr twarz\u0105, potem raz zakr\u0119ci\u0142 drewnian\u0105 ko\u0142atk\u0105, kt\u00f3r\u0105 trzyma\u0142, jak zawsze, w lewej d\u0142oni. Ostry d\u017awi\u0119k podni\u00f3s\u0142 si\u0119 i polecia\u0142 na wskro\u015b wiatru, dotar\u0142 do Oklo, us\u0142yszeli go wszyscy. Wtedy odwr\u00f3cili si\u0119, skierowali na wsch\u00f3d, czuj\u0105c teraz powiew na plecach i z ty\u0142u g\u0142owy. Wiatr bieg\u0142 dalej, by za kilka godzin przywo\u0142a\u0107 wstaj\u0105ce zza horyzontu s\u0142o\u0144ce.<\/p>\n","protected":false},"excerpt":{"rendered":"<p>Tu\u017c przed p\u00f3\u0142noc\u0105 &#8230;<\/p>\n","protected":false},"author":1,"featured_media":0,"comment_status":"open","ping_status":"open","sticky":false,"template":"","format":"standard","meta":{"footnotes":""},"categories":[27],"tags":[324,877,352,886],"_links":{"self":[{"href":"http:\/\/niecodziennosc.kubic.info\/index.php?rest_route=\/wp\/v2\/posts\/7270"}],"collection":[{"href":"http:\/\/niecodziennosc.kubic.info\/index.php?rest_route=\/wp\/v2\/posts"}],"about":[{"href":"http:\/\/niecodziennosc.kubic.info\/index.php?rest_route=\/wp\/v2\/types\/post"}],"author":[{"embeddable":true,"href":"http:\/\/niecodziennosc.kubic.info\/index.php?rest_route=\/wp\/v2\/users\/1"}],"replies":[{"embeddable":true,"href":"http:\/\/niecodziennosc.kubic.info\/index.php?rest_route=%2Fwp%2Fv2%2Fcomments&post=7270"}],"version-history":[{"count":1,"href":"http:\/\/niecodziennosc.kubic.info\/index.php?rest_route=\/wp\/v2\/posts\/7270\/revisions"}],"predecessor-version":[{"id":9332,"href":"http:\/\/niecodziennosc.kubic.info\/index.php?rest_route=\/wp\/v2\/posts\/7270\/revisions\/9332"}],"wp:attachment":[{"href":"http:\/\/niecodziennosc.kubic.info\/index.php?rest_route=%2Fwp%2Fv2%2Fmedia&parent=7270"}],"wp:term":[{"taxonomy":"category","embeddable":true,"href":"http:\/\/niecodziennosc.kubic.info\/index.php?rest_route=%2Fwp%2Fv2%2Fcategories&post=7270"},{"taxonomy":"post_tag","embeddable":true,"href":"http:\/\/niecodziennosc.kubic.info\/index.php?rest_route=%2Fwp%2Fv2%2Ftags&post=7270"}],"curies":[{"name":"wp","href":"https:\/\/api.w.org\/{rel}","templated":true}]}}