{"id":7271,"date":"2016-04-02T02:02:22","date_gmt":"2016-04-02T00:02:22","guid":{"rendered":"http:\/\/niecodziennosc.kubic.info\/index.php\/2016\/04\/02\/beniamin-prezentuje\/"},"modified":"2016-04-02T02:02:22","modified_gmt":"2016-04-02T00:02:22","slug":"beniamin-prezentuje","status":"publish","type":"post","link":"http:\/\/niecodziennosc.kubic.info\/?p=7271","title":{"rendered":"Beniamin prezentuje"},"content":{"rendered":"<p>Inspiracja to wielka tajemnica. Jak wywo\u0142a\u0107 u kogo\u015b dzia\u0142anie, nie ka\u017c\u0105c mu wprost, nie manipuluj\u0105c nim w spos\u00f3b nachalny, prymitywny? Pewnie ka\u017cdy rodzic ma w swojej pami\u0119ci chwile, kt\u00f3rych si\u0119 wstydzi, jako rodzic. Ja te\u017c mam. M\u00f3j syn, kiedy mia\u0142 cztery, mo\u017ce pi\u0119\u0107 lat, wzi\u0105\u0142 organki i da\u0142 w nie z ca\u0142ej si\u0142y, tak bardzo, \u017ce w ko\u0144cu nie mog\u0142em wytrzyma\u0107. D\u017awi\u0119k by\u0142 ordynarny, g\u0142o\u015bny, sta\u0142 si\u0119 dla mnie nie do zniesienia. St\u0142amsi\u0142em wtedy mojego syna, kt\u00f3ry nie powr\u00f3ci\u0142 ju\u017c do instrumentu.<\/p>\n<p><img fetchpriority=\"high\" decoding=\"async\" src=\"wp-content\/uploads\/2019\/03\/PucharJaksyP331fotPiotrKubic.jpg\" alt=\"Puchar Jaksy, Miech\u00f3w, fot. Piotr Kubic\" width=\"500\" height=\"333\" \/><\/p>\n<p>Ale robili\u015bmy w domu zabawy i \u0107wiczenia z aparatem cyfrowym. Zabra\u0142em kiedy\u015b dzieci na zlecenie &#8211; mia\u0142em fotografowa\u0107 rowerow\u0105 jazd\u0119 na czas. Ka\u017cdy z nas mia\u0142 aparat fotograficzny, co wida\u0107 na powy\u017cszym zdj\u0119ciu. Kilka dni potem Beniamin przychodzi do mnie i pokazuje mi nagrane przez siebie filmiki. Sam zrobi\u0142 materia\u0142 do filmu. Dlaczego sam? Dlatego, \u017ce ja te\u017c wola\u0142em pracowa\u0107 sam. Dlatego, \u017ce nikt swoj\u0105 obecno\u015bci\u0105 nie zaburza\u0142 delikatnej nitki, kt\u00f3ra ci\u0105gnie si\u0119 w wyobra\u017ani, w emocjach, nastroju. <\/p>\n<p>Wzi\u0105\u0142em nagrania Beniamina i zmontowa\u0142em. Oto efekt.<\/p>\n<p><iframe width=\"500\" height=\"375\" src=\"https:\/\/www.youtube.com\/embed\/JEQTf7IShEA\" frameborder=\"0\"><\/iframe><\/p>\n","protected":false},"excerpt":{"rendered":"<p>Inspiracja to wielka &#8230;<\/p>\n","protected":false},"author":1,"featured_media":0,"comment_status":"open","ping_status":"open","sticky":false,"template":"","format":"standard","meta":{"footnotes":""},"categories":[179],"tags":[373,435,898],"_links":{"self":[{"href":"http:\/\/niecodziennosc.kubic.info\/index.php?rest_route=\/wp\/v2\/posts\/7271"}],"collection":[{"href":"http:\/\/niecodziennosc.kubic.info\/index.php?rest_route=\/wp\/v2\/posts"}],"about":[{"href":"http:\/\/niecodziennosc.kubic.info\/index.php?rest_route=\/wp\/v2\/types\/post"}],"author":[{"embeddable":true,"href":"http:\/\/niecodziennosc.kubic.info\/index.php?rest_route=\/wp\/v2\/users\/1"}],"replies":[{"embeddable":true,"href":"http:\/\/niecodziennosc.kubic.info\/index.php?rest_route=%2Fwp%2Fv2%2Fcomments&post=7271"}],"version-history":[{"count":0,"href":"http:\/\/niecodziennosc.kubic.info\/index.php?rest_route=\/wp\/v2\/posts\/7271\/revisions"}],"wp:attachment":[{"href":"http:\/\/niecodziennosc.kubic.info\/index.php?rest_route=%2Fwp%2Fv2%2Fmedia&parent=7271"}],"wp:term":[{"taxonomy":"category","embeddable":true,"href":"http:\/\/niecodziennosc.kubic.info\/index.php?rest_route=%2Fwp%2Fv2%2Fcategories&post=7271"},{"taxonomy":"post_tag","embeddable":true,"href":"http:\/\/niecodziennosc.kubic.info\/index.php?rest_route=%2Fwp%2Fv2%2Ftags&post=7271"}],"curies":[{"name":"wp","href":"https:\/\/api.w.org\/{rel}","templated":true}]}}