{"id":7274,"date":"2016-03-18T18:28:07","date_gmt":"2016-03-18T17:28:07","guid":{"rendered":"http:\/\/niecodziennosc.kubic.info\/index.php\/2016\/03\/18\/spacer-wsrod-grobow\/"},"modified":"2016-03-18T18:28:07","modified_gmt":"2016-03-18T17:28:07","slug":"spacer-wsrod-grobow","status":"publish","type":"post","link":"http:\/\/niecodziennosc.kubic.info\/?p=7274","title":{"rendered":"Spacer w\u015br\u00f3d grob\u00f3w"},"content":{"rendered":"<p>W po\u0142udnie po martwym ogrodzie przechadzaj\u0105 si\u0119 podmuchy ch\u0142odnego wiatru. Trzeszczy faluj\u0105ca folia rozpi\u0119ta na metalowych pr\u0119tach, wygi\u0119tych w p\u00f3\u0142okr\u0119gi, wbitych ko\u0144cami w ziemi\u0119. Poza tym bezruch, niemoc, czekanie.<\/p>\n<p>W drodze z ogrodu na horyzont stoi cmentarz. W po\u0142udnie takie, jakie dzi\u015b, z niebem zasnutym lekk\u0105 warstw\u0105 chmur, jasne mogi\u0142y nie ra\u017c\u0105 wzroku odbitym \u015bwiat\u0142em. Czarne za\u015b, te elegantsze, zajmuj\u0105ce nowsz\u0105 cz\u0119\u015b\u0107 cmentarza, stoj\u0105 karnie jak \u017co\u0142nierze na zbi\u00f3rce, dumne jak na defiladzie, zwr\u00f3cone w stron\u0119 pustej alejki. Monotonia b\u0142yszcz\u0105cej wykwintno\u015bci. Uspokaja ego tych, kt\u00f3rzy jeszcze \u017cyj\u0105, to jej jedyna funkcja.<\/p>\n<p><img fetchpriority=\"high\" decoding=\"async\" src=\"wp-content\/uploads\/2019\/03\/_F1A4455fotPiotrKubic.jpg\" alt=\"cmentarz, fot. Piotr Kubic\" width=\"500\" height=\"333\" \/><\/p>\n<p>\u00a0<\/p>\n<p>W g\u0142\u0119bi, za pierwszymi rz\u0119dami, toczy si\u0119 fala. P\u0142aska, pusta przestrze\u0144, zesz\u0142oroczna trawa pokryta truch\u0142ami li\u015bci, przechodzi w klepisko wok\u00f3\u0142 nowych grob\u00f3w. Jeszcze bez mogi\u0142, usypane z ziemi w ramach z desek, jeszcze obsypane wie\u0144cami. Ci, kt\u00f3rzy tu spocz\u0119li, niedawno byli w\u015br\u00f3d \u017cywych, gdzie\u015b w tym miasteczku. Za\u015b niekt\u00f3rzy \u017cywi, gdziekolwiek s\u0105, znajd\u0105 si\u0119 za kilka dni tu, gdzie teraz jeszcze zesz\u0142oroczna trawa. Fala przesunie si\u0119 naprz\u00f3d, zagarnie kolejny ludzki \u0142an, wcieli do siebie.<\/p>\n<p>\u00a0<\/p>\n<p><img decoding=\"async\" src=\"wp-content\/uploads\/2019\/03\/cmentarz_F1A4459fotPiotrKubic.jpg\" alt=\"cmentarz, fot. Piotr Kubic\" width=\"500\" height=\"333\" \/><\/p>\n<p>\u00a0<\/p>\n<p>Przechodz\u0119 mi\u0119dzy grobami, \u0142owi\u0119 nazwiska i liczby lat. Patrz\u0119 na tych, kt\u00f3rzy zostali zagarni\u0119ci przez fal\u0119 przede mn\u0105, ja jako cz\u0119\u015b\u0107 tej samej fali. Odmierzam wzrokiem pust\u0105 przestrze\u0144 i my\u015bl\u0119, gdzie przypadnie mi miejsce. Gdzie przynios\u0105 mnie bliscy mi ludzie.<\/p>\n<p>\u00a0<\/p>\n<p><img decoding=\"async\" src=\"wp-content\/uploads\/2019\/03\/_F1A4460fotPiotrKubic.jpg\" alt=\"zach\u00f3d nad ogrodem, fot. Piotr Kubic\" width=\"500\" height=\"333\" \/><\/p>\n<p>\u00a0<\/p>\n<p>Wieczorem, z perspektywy pierwszego pi\u0119tra, s\u0142o\u0144ce, w drodze do horyzontu, przedziera si\u0119 przez czarne konary drzew na ogrodzie. Jak rozlane \u017c\u00f3\u0142tko kurze, nie takie ju\u017c \u015bwie\u017ce.&#65279;<\/p>\n","protected":false},"excerpt":{"rendered":"<p>W po\u0142udnie po martwym&#8230;<\/p>\n","protected":false},"author":1,"featured_media":0,"comment_status":"open","ping_status":"open","sticky":false,"template":"","format":"standard","meta":{"footnotes":""},"categories":[16],"tags":[865,186,887],"_links":{"self":[{"href":"http:\/\/niecodziennosc.kubic.info\/index.php?rest_route=\/wp\/v2\/posts\/7274"}],"collection":[{"href":"http:\/\/niecodziennosc.kubic.info\/index.php?rest_route=\/wp\/v2\/posts"}],"about":[{"href":"http:\/\/niecodziennosc.kubic.info\/index.php?rest_route=\/wp\/v2\/types\/post"}],"author":[{"embeddable":true,"href":"http:\/\/niecodziennosc.kubic.info\/index.php?rest_route=\/wp\/v2\/users\/1"}],"replies":[{"embeddable":true,"href":"http:\/\/niecodziennosc.kubic.info\/index.php?rest_route=%2Fwp%2Fv2%2Fcomments&post=7274"}],"version-history":[{"count":0,"href":"http:\/\/niecodziennosc.kubic.info\/index.php?rest_route=\/wp\/v2\/posts\/7274\/revisions"}],"wp:attachment":[{"href":"http:\/\/niecodziennosc.kubic.info\/index.php?rest_route=%2Fwp%2Fv2%2Fmedia&parent=7274"}],"wp:term":[{"taxonomy":"category","embeddable":true,"href":"http:\/\/niecodziennosc.kubic.info\/index.php?rest_route=%2Fwp%2Fv2%2Fcategories&post=7274"},{"taxonomy":"post_tag","embeddable":true,"href":"http:\/\/niecodziennosc.kubic.info\/index.php?rest_route=%2Fwp%2Fv2%2Ftags&post=7274"}],"curies":[{"name":"wp","href":"https:\/\/api.w.org\/{rel}","templated":true}]}}