{"id":7283,"date":"2016-02-17T08:14:29","date_gmt":"2016-02-17T07:14:29","guid":{"rendered":"http:\/\/niecodziennosc.kubic.info\/index.php\/2016\/02\/17\/dziesieciolatka-na-koniu\/"},"modified":"2016-02-17T08:14:29","modified_gmt":"2016-02-17T07:14:29","slug":"dziesieciolatka-na-koniu","status":"publish","type":"post","link":"http:\/\/niecodziennosc.kubic.info\/?p=7283","title":{"rendered":"Dziesi\u0119ciolatka na koniu"},"content":{"rendered":"<p>Dzi\u015b premiera filmiku! W nocy ukszta\u0142towa\u0142a si\u0119 wreszcie ostateczna wersja muzyki. Uj\u0119cia powsta\u0142y spontanicznie podczas wizyty w klubie miesi\u0105c temu. My\u015bla\u0142em wtedy, \u017ce po powrocie do domu usi\u0105d\u0119, zrobi\u0119 ca\u0142y monta\u017c w dwie godziny i na rano b\u0119dzie gotowe. Ale chcia\u0142em sam napisa\u0107 muzyk\u0119 i tu nie posz\u0142o tak \u0142atwo. Od pomys\u0142u w\u0142asnej muzyki trudno by\u0142o si\u0119 uwolni\u0107, za\u015b jej dobieranie z innych \u017ar\u00f3de\u0142 jawi\u0142o si\u0119 jak pora\u017cka i odbiera\u0142o przyjemno\u015b\u0107 pracy.<\/p>\n<p>Tak wi\u0119c podk\u0142ad d\u017awi\u0119kowy powstawa\u0142 miesi\u0105c, w wolnych chwilach &#8211; podczas mycia naczy\u0144, jazdy autobusem, w tramwaju (w wyobra\u017ani, oczywi\u015bcie) oraz przy s\u0142uchaniu r\u00f3\u017cnych utwor\u00f3w z r\u00f3\u017cnych \u017ar\u00f3de\u0142.<\/p>\n<p>Po nakr\u0119ceniu uj\u0119cia od 57 sekundy dosta\u0142em upomnienie od instruktora, poniewa\u017c przykl\u0119kuj\u0105c nagle poderwa\u0142em si\u0119 w momencie, gdy Sara i Gerda przeje\u017cd\u017ca\u0142y tu\u017c obok mnie. To grozi sp\u0142oszeniem konia i nieprzewidywalnymi nast\u0119pstwami.<\/p>\n<p>\u00a0<\/p>\n<p><iframe width=\"500\" height=\"281\" src=\"https:\/\/www.youtube.com\/embed\/L6-thoV5v_U\" frameborder=\"0\"><\/iframe>\u00a0<\/p>\n","protected":false},"excerpt":{"rendered":"<p>Dzi\u015b premiera &#8230;<\/p>\n","protected":false},"author":1,"featured_media":0,"comment_status":"open","ping_status":"open","sticky":false,"template":"","format":"standard","meta":{"footnotes":""},"categories":[118],"tags":[373,339,885],"_links":{"self":[{"href":"http:\/\/niecodziennosc.kubic.info\/index.php?rest_route=\/wp\/v2\/posts\/7283"}],"collection":[{"href":"http:\/\/niecodziennosc.kubic.info\/index.php?rest_route=\/wp\/v2\/posts"}],"about":[{"href":"http:\/\/niecodziennosc.kubic.info\/index.php?rest_route=\/wp\/v2\/types\/post"}],"author":[{"embeddable":true,"href":"http:\/\/niecodziennosc.kubic.info\/index.php?rest_route=\/wp\/v2\/users\/1"}],"replies":[{"embeddable":true,"href":"http:\/\/niecodziennosc.kubic.info\/index.php?rest_route=%2Fwp%2Fv2%2Fcomments&post=7283"}],"version-history":[{"count":0,"href":"http:\/\/niecodziennosc.kubic.info\/index.php?rest_route=\/wp\/v2\/posts\/7283\/revisions"}],"wp:attachment":[{"href":"http:\/\/niecodziennosc.kubic.info\/index.php?rest_route=%2Fwp%2Fv2%2Fmedia&parent=7283"}],"wp:term":[{"taxonomy":"category","embeddable":true,"href":"http:\/\/niecodziennosc.kubic.info\/index.php?rest_route=%2Fwp%2Fv2%2Fcategories&post=7283"},{"taxonomy":"post_tag","embeddable":true,"href":"http:\/\/niecodziennosc.kubic.info\/index.php?rest_route=%2Fwp%2Fv2%2Ftags&post=7283"}],"curies":[{"name":"wp","href":"https:\/\/api.w.org\/{rel}","templated":true}]}}