{"id":7291,"date":"2016-01-31T01:23:34","date_gmt":"2016-01-31T00:23:34","guid":{"rendered":"http:\/\/niecodziennosc.kubic.info\/index.php\/2016\/01\/31\/co-jest-za-horyzontem\/"},"modified":"2020-11-09T13:23:40","modified_gmt":"2020-11-09T12:23:40","slug":"co-jest-za-horyzontem","status":"publish","type":"post","link":"http:\/\/niecodziennosc.kubic.info\/?p=7291","title":{"rendered":"Co jest za horyzontem"},"content":{"rendered":"<p>Odszed\u0142 cz\u0142owiek. Nagle nie mo\u017cna ju\u017c z nim porozmawia\u0107. Jeszcze jest z nami, bo widzimy go. Le\u017cy. Jeszcze ciep\u0142e s\u0105 cz\u0119\u015bci jego cia\u0142a. Ale ju\u017c si\u0119 nie rusza. Nie otworz\u0105 si\u0119 usta, oczy nie popatrz\u0105 na nas. Wszystko, co wprawia\u0142 w ruch dooko\u0142a siebie, teraz pozostanie nieruchome.<\/p>\n<p>Tajemnica. \u015awiadomo\u015bci. Jak to jest, \u017ce teraz widz\u0119, czuj\u0119. Mam wra\u017cenie, \u017ce widz\u0119 i czuj\u0119. Jak to jest, \u017ce mam wra\u017cenie, \u017ce widz\u0119, s\u0142ysz\u0119, my\u015bl\u0119, czuj\u0119. Co\u015b tu si\u0119 nie zgadza, bo sk\u0105d wiem, \u017ce teraz widz\u0119, s\u0142ysz\u0119, my\u015bl\u0119 i czuj\u0119, skoro kiedy przestaj\u0119 widzie\u0107, s\u0142ysze\u0107 my\u015ble\u0107 i czu\u0107, to nie wiem, \u017ce tego nie robi\u0119. Jak wi\u0119c mog\u0119 sprawdzi\u0107, kiedy widz\u0119, s\u0142ysz\u0119, my\u015bl\u0119 i czuj\u0119, a kiedy nie, skoro tego drugiego stanu nie jestem w stanie stwierdzi\u0107?<\/p>\n<p>Le\u017cy cia\u0142o nieruchome i zimne. Ot po prostu. Niedawno by\u0142o ciep\u0142e i rusza\u0142o si\u0119. Z fizycznego punktu widzenia nie ma nad czym dyskutowa\u0107. Z punktu widzenia sensu rzecz jest nie do zrozumienia. Jedyne wyj\u015bcie, to uwierzy\u0107 w sens, nawet je\u015bli s\u0105 w\u0105tpliwo\u015bci, jaki on m\u00f3g\u0142by by\u0107. Czy\u017cby Wszech\u015bwiat wyprodukowa\u0142 obiekt, kt\u00f3ry do niego nie pasuje? Kt\u00f3ry zadaje pytania, a nie ma na nie odpowiedzi?<\/p>\n<p>Albo nic nie ma sensu, wtedy na wszelkie pytanie mo\u017cemy odpowiedzie\u0107 jakkolwiek. Je\u015bli jednak gdziekolwiek istnieje cho\u0107 najmniejszy sens, poci\u0105ga on za sob\u0105 wszystko i wszystkie inne.<\/p>\n<p><img fetchpriority=\"high\" decoding=\"async\" src=\"wp-content\/uploads\/2019\/03\/pola_F1A9644fotPiotrKubic.jpg\" alt=\"pusty pejza\u017c, fot. Piotr Kubic\" width=\"500\" height=\"333\"><\/p>\n","protected":false},"excerpt":{"rendered":"<p>Odszed\u0142 cz\u0142owiek. &#8230;<\/p>\n","protected":false},"author":1,"featured_media":0,"comment_status":"closed","ping_status":"open","sticky":false,"template":"","format":"standard","meta":{"footnotes":""},"categories":[16],"tags":[108,112,186,747,876],"_links":{"self":[{"href":"http:\/\/niecodziennosc.kubic.info\/index.php?rest_route=\/wp\/v2\/posts\/7291"}],"collection":[{"href":"http:\/\/niecodziennosc.kubic.info\/index.php?rest_route=\/wp\/v2\/posts"}],"about":[{"href":"http:\/\/niecodziennosc.kubic.info\/index.php?rest_route=\/wp\/v2\/types\/post"}],"author":[{"embeddable":true,"href":"http:\/\/niecodziennosc.kubic.info\/index.php?rest_route=\/wp\/v2\/users\/1"}],"replies":[{"embeddable":true,"href":"http:\/\/niecodziennosc.kubic.info\/index.php?rest_route=%2Fwp%2Fv2%2Fcomments&post=7291"}],"version-history":[{"count":1,"href":"http:\/\/niecodziennosc.kubic.info\/index.php?rest_route=\/wp\/v2\/posts\/7291\/revisions"}],"predecessor-version":[{"id":9434,"href":"http:\/\/niecodziennosc.kubic.info\/index.php?rest_route=\/wp\/v2\/posts\/7291\/revisions\/9434"}],"wp:attachment":[{"href":"http:\/\/niecodziennosc.kubic.info\/index.php?rest_route=%2Fwp%2Fv2%2Fmedia&parent=7291"}],"wp:term":[{"taxonomy":"category","embeddable":true,"href":"http:\/\/niecodziennosc.kubic.info\/index.php?rest_route=%2Fwp%2Fv2%2Fcategories&post=7291"},{"taxonomy":"post_tag","embeddable":true,"href":"http:\/\/niecodziennosc.kubic.info\/index.php?rest_route=%2Fwp%2Fv2%2Ftags&post=7291"}],"curies":[{"name":"wp","href":"https:\/\/api.w.org\/{rel}","templated":true}]}}