{"id":7311,"date":"2015-11-23T23:29:14","date_gmt":"2015-11-23T22:29:14","guid":{"rendered":"http:\/\/niecodziennosc.kubic.info\/index.php\/2015\/11\/23\/ja-kocham-burze\/"},"modified":"2015-11-23T23:29:14","modified_gmt":"2015-11-23T22:29:14","slug":"ja-kocham-burze","status":"publish","type":"post","link":"http:\/\/niecodziennosc.kubic.info\/?p=7311","title":{"rendered":"&#8222;Ja kocham burz\u0119&#8221;"},"content":{"rendered":"<p>To zdanie wypowiada <em>Marta<\/em>, na ko\u0144cu I aktu spektaklu &#8222;Tajemniczy ogr\u00f3d&#8221;. Po nim zapada ciemno\u015b\u0107, a realizator d\u017awi\u0119ku (czasem to jestem ja), spuszcza palec na klawisz<em> <\/em><em>play<\/em> odtwarzacza, kt\u00f3ry stoi pod jego lew\u0105 r\u0119k\u0105, praw\u0105 r\u0119k\u0119 trzymaj\u0105c na t\u0142umikach akustycznego miksera. A wtedy z g\u0142o\u015bnik\u00f3w bucha d\u017awi\u0119k gromu, na scenie ga\u015bnie \u015bwiat\u0142o, widownia wype\u0142nia si\u0119 piskiem przera\u017conych dzieci i m\u0142odzie\u017cy, ale tylko na chwil\u0119, bo po mniej ni\u017c dziesi\u0119ciu sekundach zapalaj\u0105 si\u0119 \u015bwiat\u0142a i ju\u017c mo\u017cna wyj\u015b\u0107 na przerw\u0119.<\/p>\n<p>Przeszukuj\u0119 internet. Oto w zasi\u0119gu r\u0119ki &#8211; d\u017awi\u0119ki &#8211; burzy, deszczu, wiatru, ch\u0142odu, zawieruchy, szkwa\u0142\u00f3w. Pi\u0119\u0107 godzin, osiem godzin, jedena\u015bcie godzin. Wybieram, klikam, reguluj\u0119 g\u0142o\u015bniki. Do rana powinno wystarczy\u0107&#8230;<\/p>\n<p>Usypiam w atmosferze, kt\u00f3rej nie radzi\u0142 mi przyjaciel-psycholog. Ale c\u00f3\u017c poradzi\u0107, skoro ci\u0105gnie mnie do burzy? Widz\u0119, jak wtedy, ciemne chmury p\u0142yn\u0105ce od zachodu, nad wysokimi topolami na ko\u0144cu ogrodu, uciekam, drepcz\u0105c ma\u0142ymi n\u00f3\u017ckami w\u015br\u00f3d traw, w stron\u0119 podw\u00f3rka, sk\u0105d dobiega g\u0142os mamy, mo\u017ce babci: &#8222;Piotru\u015b!&#8221;<\/p>\n<p>&#8222;Chod\u017a do domu!&#8221;<br \/>Burza nie mo\u017ce by\u0107 z\u0142a. <br \/>&#8222;Przezi\u0119bisz si\u0119&#8221;<br \/>Jeszcze chwila.<\/p>\n<p>Przep\u0142ywaj\u0105 nad domem zwa\u0142y czerni. Strugi siek\u0105 podw\u00f3rko mi\u0119dzy stodo\u0142\u0105 i domem, stoj\u0119 w drewnianych, uchylonych wrotach, sam, za wodn\u0105 zas\u0142on\u0105. <\/p>\n","protected":false},"excerpt":{"rendered":"<p>To zdanie wypowiada &#8230;<\/p>\n","protected":false},"author":1,"featured_media":0,"comment_status":"open","ping_status":"open","sticky":false,"template":"","format":"standard","meta":{"footnotes":""},"categories":[18],"tags":[532,886],"_links":{"self":[{"href":"http:\/\/niecodziennosc.kubic.info\/index.php?rest_route=\/wp\/v2\/posts\/7311"}],"collection":[{"href":"http:\/\/niecodziennosc.kubic.info\/index.php?rest_route=\/wp\/v2\/posts"}],"about":[{"href":"http:\/\/niecodziennosc.kubic.info\/index.php?rest_route=\/wp\/v2\/types\/post"}],"author":[{"embeddable":true,"href":"http:\/\/niecodziennosc.kubic.info\/index.php?rest_route=\/wp\/v2\/users\/1"}],"replies":[{"embeddable":true,"href":"http:\/\/niecodziennosc.kubic.info\/index.php?rest_route=%2Fwp%2Fv2%2Fcomments&post=7311"}],"version-history":[{"count":0,"href":"http:\/\/niecodziennosc.kubic.info\/index.php?rest_route=\/wp\/v2\/posts\/7311\/revisions"}],"wp:attachment":[{"href":"http:\/\/niecodziennosc.kubic.info\/index.php?rest_route=%2Fwp%2Fv2%2Fmedia&parent=7311"}],"wp:term":[{"taxonomy":"category","embeddable":true,"href":"http:\/\/niecodziennosc.kubic.info\/index.php?rest_route=%2Fwp%2Fv2%2Fcategories&post=7311"},{"taxonomy":"post_tag","embeddable":true,"href":"http:\/\/niecodziennosc.kubic.info\/index.php?rest_route=%2Fwp%2Fv2%2Ftags&post=7311"}],"curies":[{"name":"wp","href":"https:\/\/api.w.org\/{rel}","templated":true}]}}