{"id":7323,"date":"2015-10-25T22:45:51","date_gmt":"2015-10-25T21:45:51","guid":{"rendered":"http:\/\/niecodziennosc.kubic.info\/index.php\/2015\/10\/25\/cytaty-z-kapuscinskiego\/"},"modified":"2015-10-25T22:45:51","modified_gmt":"2015-10-25T21:45:51","slug":"cytaty-z-kapuscinskiego","status":"publish","type":"post","link":"http:\/\/niecodziennosc.kubic.info\/?p=7323","title":{"rendered":"Cytaty z Kapu\u015bci\u0144skiego"},"content":{"rendered":"<p>W ostatni dni &#8211; powr\u00f3t do Lapidari\u00f3w Kapu\u015bci\u0144skiego. Zapisy z lat 80-83 dokonane w Polsce, w Gda\u0144sku, Warszawie. Prawie ka\u017cdy z nich to pere\u0142ka, genialne uog\u00f3lnienie dokonane na podstawie obserwacji &#8211; wiadomo jakich &#8211; bo wiadomo, co dzia\u0142o si\u0119 w Gda\u0144sku i Warszawie w tamtym czasie. Przyk\u0142ady?<\/p>\n<p style=\"padding-left: 30px;\"><em>S\u0105 sytuacje, w kt\u00f3rych z\u0142o dzia\u0142a szybko, gwa\u0142townie, z nag\u0142\u0105, mia\u017cd\u017c\u0105c\u0105 si\u0142\u0105. Natomiast dobro z regu\u0142y dzia\u0142a wolniej, potrzebuje czasu, aby si\u0119 objawi\u0107 i da\u0107 \u015bwiadectwo. Wi\u0119c dobro cz\u0119sto si\u0119 sp\u00f3\u017ania i &#8211; przegrywa.<\/em><\/p>\n<p style=\"padding-left: 30px;\"><em>Fanatyzm wyzwala w cz\u0142owieku wi\u0119cej energii ni\u017c \u0142agodno\u015b\u0107 i dobro\u0107. Dlatego fanatyk mo\u017ce \u0142atwiej narzuci\u0107 swoj\u0105 wol\u0119, \u0142atwiej ustanowi\u0107 swoje rz\u0105dy.<\/em><\/p>\n<p style=\"padding-left: 30px;\"><em>Ka\u017cdej inflacji towarzyszy moralne rozlu\u017anienie. Wynika to po cz\u0119\u015bci z tego, \u017ce inflacja zabija wiar\u0119 w trwa\u0142o\u015b\u0107 czegokolwiek. Odbiera wiar\u0119 w przysz\u0142o\u015b\u0107. A cz\u0142owiek pozbawiony tej wiary nie ma zobowi\u0105za\u0144 &#8211; ani wobec innych, ani wobec siebie. Tote\u017c inflacja jest nie tylko zjawiskiem ekonomicznym, ale tak\u017ce problemem etycznym, chorob\u0105, kt\u00f3ra atakuje i niszczy kultur\u0119.<\/em><\/p>\n<p style=\"padding-left: 30px;\"><em>Historia jako walka klas? Jako walka system\u00f3w?<\/em><br \/><em>Historia to r\u00f3wnie\u017c walka mi\u0119dzy kultur\u0105 i chamstwem, mi\u0119dzy cz\u0142owiecze\u0144stwem i bestialstwem. <\/em><\/p>\n<p style=\"padding-left: 30px;\"><em>Nasze ocalenie? W d\u0105\u017ceniu do osi\u0105gni\u0119cia rzeczy niemo\u017cliwych do osi\u0105gni\u0119cia. <\/em><\/p>\n<p style=\"padding-left: 30px;\"><em>Wszyscy tutaj dyskutuj\u0105 o polityce. Ale czy rzeczywi\u015bcie dyskutuj\u0105? Czy jest to dyskusja, rzeczowy sp\u00f3r? Powiem, \u017ce nie. Jest to sk\u0142adanie deklaracji, wyg\u0142aszanie stanowczych opinii. Ka\u017cdy m\u00f3wi swoje, z przej\u0119ciem i furi\u0105, po czym wszyscy rozchodz\u0105 si\u0119 zaperzeni, rozdygotani, w\u015bciekli.<\/em><\/p>\n<p style=\"text-align: right;\">Ryszard Kapu\u015bci\u0144ski, Lapidaria I-III, <br \/>Biblioteka Gazety Wyborczej, W-wa 2008.<em><br \/><\/em><\/p>\n","protected":false},"excerpt":{"rendered":"<p>W ostatni dni &#8211;&#8230;<\/p>\n","protected":false},"author":1,"featured_media":0,"comment_status":"open","ping_status":"open","sticky":false,"template":"","format":"standard","meta":{"footnotes":""},"categories":[24],"tags":[607,867,889,879,881],"_links":{"self":[{"href":"http:\/\/niecodziennosc.kubic.info\/index.php?rest_route=\/wp\/v2\/posts\/7323"}],"collection":[{"href":"http:\/\/niecodziennosc.kubic.info\/index.php?rest_route=\/wp\/v2\/posts"}],"about":[{"href":"http:\/\/niecodziennosc.kubic.info\/index.php?rest_route=\/wp\/v2\/types\/post"}],"author":[{"embeddable":true,"href":"http:\/\/niecodziennosc.kubic.info\/index.php?rest_route=\/wp\/v2\/users\/1"}],"replies":[{"embeddable":true,"href":"http:\/\/niecodziennosc.kubic.info\/index.php?rest_route=%2Fwp%2Fv2%2Fcomments&post=7323"}],"version-history":[{"count":0,"href":"http:\/\/niecodziennosc.kubic.info\/index.php?rest_route=\/wp\/v2\/posts\/7323\/revisions"}],"wp:attachment":[{"href":"http:\/\/niecodziennosc.kubic.info\/index.php?rest_route=%2Fwp%2Fv2%2Fmedia&parent=7323"}],"wp:term":[{"taxonomy":"category","embeddable":true,"href":"http:\/\/niecodziennosc.kubic.info\/index.php?rest_route=%2Fwp%2Fv2%2Fcategories&post=7323"},{"taxonomy":"post_tag","embeddable":true,"href":"http:\/\/niecodziennosc.kubic.info\/index.php?rest_route=%2Fwp%2Fv2%2Ftags&post=7323"}],"curies":[{"name":"wp","href":"https:\/\/api.w.org\/{rel}","templated":true}]}}