{"id":7338,"date":"2015-09-14T08:47:01","date_gmt":"2015-09-14T06:47:01","guid":{"rendered":"http:\/\/niecodziennosc.kubic.info\/index.php\/2015\/09\/14\/oddech-lata\/"},"modified":"2015-09-14T08:47:01","modified_gmt":"2015-09-14T06:47:01","slug":"oddech-lata","status":"publish","type":"post","link":"http:\/\/niecodziennosc.kubic.info\/?p=7338","title":{"rendered":"Oddech lata&#8230;?"},"content":{"rendered":"<p><img fetchpriority=\"high\" decoding=\"async\" src=\"wp-content\/uploads\/2019\/03\/pejzaz_tatry_F1A5843fotPiotrKubic.jpg\" alt=\"Tatry z Pyz\u00f3wki fot. Piotr Kubic\" width=\"500\" height=\"333\" \/><\/p>\n<p>&#8211; Przeczyta\u0142em, co nagryzmoli\u0142e\u015b na blogu. <br \/>&#8211; O&#8230;<br \/>&#8211;&#8230;i mam jedno pytanie&#8230;<br \/>&#8211;&#8230;s\u0142ucham&#8230;<br \/>&#8211;&#8230;nie s\u0142uchasz, udajesz, \u017ce s\u0142uchasz&#8230;<br \/>&#8211; &#8230;bo si\u0119 spiesz\u0119.<\/p>\n<p>Szarpa\u0142em si\u0119 z zamkiem auta, pr\u00f3buj\u0105c si\u0119 nie szarpa\u0107. Auto nie jest nowe, w zasadzie jest stare, mog\u0142oby uczestniczy\u0107 w imprezach takich, jakich reklam\u0119 widzia\u0142em w sobot\u0119 we wsi ko\u0142o Dobczyc: &#8222;wst\u0119p od dwudziestu jeden lat&#8221;. Szarpa\u0142em si\u0119, bo zamek czasem si\u0119 przycina, a pr\u00f3bowa\u0142em si\u0119 nie szarpa\u0107, bo szarpanie mo\u017ce pogorszy\u0107 sytuacj\u0119. A wtedy moje sp\u00f3\u017anienie z pewno\u015bci\u0105 si\u0119 powi\u0119kszy i na sam\u0105 my\u015bl o tym zaczynam szarpa\u0107 mocniej i ko\u0142o si\u0119 zamyka. W takiej chwili naszed\u0142 mnie Wiesiek i oczywi\u015bcie on gada swoje, a ja pr\u00f3buj\u0119 robi\u0107 swoje. <\/p>\n<p>&#8211; No wi\u0119c powiedz mi kochanie\u0144ki sk\u0105d wiesz, \u017ce to jest oddech lata? Tylko nie \u015bciemniaj, \u017ce to jest po prostu oddech lata taki, jak latem, no wiesz o co mi chodzi, pod koniec czerwca albo w lipcu. Z tego, kochanie\u0144ki, ju\u017c niewiele zosta\u0142o, nic nie zosta\u0142o powiedzia\u0142bym. Ale tobie ci\u0105gle w g\u0142owie oddech lata, cho\u0107 nic ju\u017c nie pachnie tak, jak prawdziwym latem. To, \u017ce jeszcze kalendarz mamy letni, to o niczym nie \u015bwiadczy. Nic te\u017c dziwnego, \u017ce tak lekko wieje, b\u0119dzie jeszcze wia\u0142o, oj b\u0119dzie. A tobie si\u0119 w g\u0142owie roi, wydaje ci si\u0119, to si\u0119 nazywa, m\u00f3wi\u0105c psychologicznie, projekcja. Ja wiem, \u017ce chcia\u0142by\u015b, \u017ce ci si\u0119 marzy, nie mo\u017cesz si\u0119 pogodzi\u0107, to wida\u0107 a\u017c nazbyt wyra\u017anie. No chyba nie my\u015blisz, \u017ce tego nie wida\u0107. Wida\u0107 wida\u0107. Ale, kochanie\u0144ki, taka jest kolej rzeczy, trzeba j\u0105 przyj\u0105\u0107 spokojnie. Lata, takiego jak by\u0142o, ju\u017c nie b\u0119dzie.<\/p>\n<p>Wiesiek pewnie idzie do pracy. Ja te\u017c. Szcz\u0119\u015bcie, \u017ce nie jest nam po drodze. Kiedy zamek pu\u015bci, b\u0119d\u0119 m\u00f3g\u0142 wsi\u0105\u015b\u0107, odjecha\u0107 i uwolni\u0107 si\u0119 od Wie\u015bka. Krytyk artystyczny si\u0119 znalaz\u0142. W ko\u0144cu odkrywam, \u017ce mog\u0119 w\u0142o\u017cy\u0107 klucz do zamka po stronie pasa\u017cera, tamten si\u0119 \u0142atwiej otwiera. Obchodz\u0119 samoch\u00f3d w ko\u0142o a Wiesiek dalej terkocze. Zanim wsi\u0105d\u0119 odwracam g\u0142ow\u0119 i podnosz\u0119 w stron\u0119 s\u0142o\u0144ca. S\u0142o\u0144ce za szyb\u0105 auta ju\u017c nie jest takie samo.<\/p>\n<p>&#8211; No i powiedz, powiedz, dlaczego twierdzisz, \u017ce to ci\u0105gle oddech lata?<br \/>&#8211; Bo jest ciep\u0142y, g\u0142upcze.<\/p>\n<p>Wsiadam i odje\u017cd\u017cam.<\/p>\n","protected":false},"excerpt":{"rendered":"<p><img ...\n<\/p>\n","protected":false},"author":1,"featured_media":0,"comment_status":"open","ping_status":"open","sticky":false,"template":"","format":"standard","meta":{"footnotes":""},"categories":[50],"tags":[352,896,224],"_links":{"self":[{"href":"http:\/\/niecodziennosc.kubic.info\/index.php?rest_route=\/wp\/v2\/posts\/7338"}],"collection":[{"href":"http:\/\/niecodziennosc.kubic.info\/index.php?rest_route=\/wp\/v2\/posts"}],"about":[{"href":"http:\/\/niecodziennosc.kubic.info\/index.php?rest_route=\/wp\/v2\/types\/post"}],"author":[{"embeddable":true,"href":"http:\/\/niecodziennosc.kubic.info\/index.php?rest_route=\/wp\/v2\/users\/1"}],"replies":[{"embeddable":true,"href":"http:\/\/niecodziennosc.kubic.info\/index.php?rest_route=%2Fwp%2Fv2%2Fcomments&post=7338"}],"version-history":[{"count":0,"href":"http:\/\/niecodziennosc.kubic.info\/index.php?rest_route=\/wp\/v2\/posts\/7338\/revisions"}],"wp:attachment":[{"href":"http:\/\/niecodziennosc.kubic.info\/index.php?rest_route=%2Fwp%2Fv2%2Fmedia&parent=7338"}],"wp:term":[{"taxonomy":"category","embeddable":true,"href":"http:\/\/niecodziennosc.kubic.info\/index.php?rest_route=%2Fwp%2Fv2%2Fcategories&post=7338"},{"taxonomy":"post_tag","embeddable":true,"href":"http:\/\/niecodziennosc.kubic.info\/index.php?rest_route=%2Fwp%2Fv2%2Ftags&post=7338"}],"curies":[{"name":"wp","href":"https:\/\/api.w.org\/{rel}","templated":true}]}}