{"id":7339,"date":"2015-09-14T00:33:09","date_gmt":"2015-09-13T22:33:09","guid":{"rendered":"http:\/\/niecodziennosc.kubic.info\/index.php\/2015\/09\/14\/slabnacy-oddech-lata-w-nasze-twarze\/"},"modified":"2015-09-14T00:33:09","modified_gmt":"2015-09-13T22:33:09","slug":"slabnacy-oddech-lata-w-nasze-twarze","status":"publish","type":"post","link":"http:\/\/niecodziennosc.kubic.info\/?p=7339","title":{"rendered":"S\u0142abn\u0105cy oddech lata w nasze twarze"},"content":{"rendered":"<p>Wiatr ci\u0105gnie polem przy ziemi. Op\u0142ywa pr\u0119ty ogrodzenia, op\u0142ywa balustrad\u0119 schod\u00f3w. Zawija za rogiem. Resztki oddechu lata lato wydmuchuje prosto w samotn\u0105 twarz pewnego cz\u0142owieka, kt\u00f3ry przystan\u0105\u0142 w cieniu domu. Niepotrzebnie w cieniu. S\u0142o\u0144ce nie jest ju\u017c tak gor\u0105ce. Przystan\u0105\u0142 w cieniu, bo szed\u0142 z podw\u00f3rka na ganek. W po\u0142owie drogi, troch\u0119 dalej, tu\u017c przed gankiem, dopad\u0142 go oddech lata. Jego resztki. Ju\u017c nie tak silne tylko s\u0142abn\u0105ce, mo\u017ce z rezygnacj\u0105, albo powoli, naturalnie, bez zdziwienia. Przecie\u017c taka jest kolej rzeczy.<\/p>\n","protected":false},"excerpt":{"rendered":"<p>Wiatr ci\u0105gnie polem &#8230;<\/p>\n","protected":false},"author":1,"featured_media":0,"comment_status":"open","ping_status":"open","sticky":false,"template":"","format":"standard","meta":{"footnotes":""},"categories":[50],"tags":[413,352,896,882],"_links":{"self":[{"href":"http:\/\/niecodziennosc.kubic.info\/index.php?rest_route=\/wp\/v2\/posts\/7339"}],"collection":[{"href":"http:\/\/niecodziennosc.kubic.info\/index.php?rest_route=\/wp\/v2\/posts"}],"about":[{"href":"http:\/\/niecodziennosc.kubic.info\/index.php?rest_route=\/wp\/v2\/types\/post"}],"author":[{"embeddable":true,"href":"http:\/\/niecodziennosc.kubic.info\/index.php?rest_route=\/wp\/v2\/users\/1"}],"replies":[{"embeddable":true,"href":"http:\/\/niecodziennosc.kubic.info\/index.php?rest_route=%2Fwp%2Fv2%2Fcomments&post=7339"}],"version-history":[{"count":0,"href":"http:\/\/niecodziennosc.kubic.info\/index.php?rest_route=\/wp\/v2\/posts\/7339\/revisions"}],"wp:attachment":[{"href":"http:\/\/niecodziennosc.kubic.info\/index.php?rest_route=%2Fwp%2Fv2%2Fmedia&parent=7339"}],"wp:term":[{"taxonomy":"category","embeddable":true,"href":"http:\/\/niecodziennosc.kubic.info\/index.php?rest_route=%2Fwp%2Fv2%2Fcategories&post=7339"},{"taxonomy":"post_tag","embeddable":true,"href":"http:\/\/niecodziennosc.kubic.info\/index.php?rest_route=%2Fwp%2Fv2%2Ftags&post=7339"}],"curies":[{"name":"wp","href":"https:\/\/api.w.org\/{rel}","templated":true}]}}