{"id":7341,"date":"2015-09-09T22:55:20","date_gmt":"2015-09-09T20:55:20","guid":{"rendered":"http:\/\/niecodziennosc.kubic.info\/index.php\/2015\/09\/09\/sa-jeszcze-tacy-ktorzy-placa\/"},"modified":"2015-09-09T22:55:20","modified_gmt":"2015-09-09T20:55:20","slug":"sa-jeszcze-tacy-ktorzy-placa","status":"publish","type":"post","link":"http:\/\/niecodziennosc.kubic.info\/?p=7341","title":{"rendered":"S\u0105 jeszcze tacy, kt\u00f3rzy p\u0142ac\u0105"},"content":{"rendered":"<p>&#8211; Nie zatrudnimy pana na umow\u0119 o prac\u0119. Zatrudnimy na umow\u0119 zlecenie. <br \/>&#8211; Przecie\u017c nie tak wcze\u015bniej rozmawiali\u015bmy. <br \/>&#8211; Mo\u017cemy zatrudni\u0107 na umow\u0119 zlecenie. <br \/>&#8211; Co\u015b si\u0119 zmieni\u0142o?<br \/>&#8211; Takie mamy warunki.<\/p>\n<p>Po jednym dniu oraz telefonie wa\u017cnej osoby.<\/p>\n<p>&#8211; Dobrze, zatrudnimy na umow\u0119 o prac\u0119. Ale wyp\u0142ata b\u0119dzie po miesi\u0105cu. <br \/>&#8211; To znaczy?<br \/>&#8211; Wyp\u0142ata za miesi\u0105c wrzesie\u0144 b\u0119dzie w listopadzie. <br \/>&#8211; Nie zgadzam si\u0119 na to. <br \/>&#8211; Nikt nie jest niezast\u0105piony. <br \/>&#8211; Nie twierdz\u0119, \u017ce jestem niezast\u0105piony, ale jak mam prze\u017cy\u0107 ca\u0142y miesi\u0105c?<br \/>&#8211; Nie martwcie si\u0119, b\u0119dzie dobrze. <br \/>&#8211; Ale jak b\u0119dzie dobrze?<br \/>&#8211; &#8230;(klepanie po plecach).<\/p>\n<p>Dlatego chcia\u0142bym napisa\u0107 o czym\u015b pozytywnym. O <a href=\"http:\/\/www.fabrykatlumaczen.pl\/\" target=\"_blank\" rel=\"noopener noreferrer\">Fabryce T\u0142umacze\u0144 z Wroc\u0142awia<\/a>. Moja dziewczyna siedzi teraz przy komputerze i t\u0142umaczy tekst z polskiego na rumu\u0144ski dla tego biura. W pewnym momencie podnosi g\u0142ow\u0119 i m\u00f3wi: z nimi nigdy nie mia\u0142am problem\u00f3w. Zawsze p\u0142ac\u0105 na czas, na pocz\u0105tku ka\u017cdego miesi\u0105ca sami reguluj\u0105 wszystkie nale\u017cno\u015bci. \u017badnych przypomnie\u0144, upomnie\u0144, proszenia si\u0119.<\/p>\n<p>Po tym, co od niej nierzadko s\u0142ysza\u0142em, tym razem serce mi ro\u015bnie. Dedykuj\u0119 ten przyk\u0142ad wszystkim, kt\u00f3rzy pracuj\u0105 dwa razy. Pierwszy raz, gdy wykonuj\u0105 zlecenie, a potem drugi, czasem poch\u0142aniaj\u0105cy wi\u0119cej si\u0142 ni\u017c praca w\u0142a\u015bciwa &#8211; gdy pr\u00f3buj\u0105 si\u0119 doczeka\u0107 wynagrodzenia.<\/p>\n","protected":false},"excerpt":{"rendered":"<p>&#8211; Nie &#8230;<\/p>\n","protected":false},"author":1,"featured_media":0,"comment_status":"open","ping_status":"open","sticky":false,"template":"","format":"standard","meta":{"footnotes":""},"categories":[24],"tags":[34,327,655],"_links":{"self":[{"href":"http:\/\/niecodziennosc.kubic.info\/index.php?rest_route=\/wp\/v2\/posts\/7341"}],"collection":[{"href":"http:\/\/niecodziennosc.kubic.info\/index.php?rest_route=\/wp\/v2\/posts"}],"about":[{"href":"http:\/\/niecodziennosc.kubic.info\/index.php?rest_route=\/wp\/v2\/types\/post"}],"author":[{"embeddable":true,"href":"http:\/\/niecodziennosc.kubic.info\/index.php?rest_route=\/wp\/v2\/users\/1"}],"replies":[{"embeddable":true,"href":"http:\/\/niecodziennosc.kubic.info\/index.php?rest_route=%2Fwp%2Fv2%2Fcomments&post=7341"}],"version-history":[{"count":0,"href":"http:\/\/niecodziennosc.kubic.info\/index.php?rest_route=\/wp\/v2\/posts\/7341\/revisions"}],"wp:attachment":[{"href":"http:\/\/niecodziennosc.kubic.info\/index.php?rest_route=%2Fwp%2Fv2%2Fmedia&parent=7341"}],"wp:term":[{"taxonomy":"category","embeddable":true,"href":"http:\/\/niecodziennosc.kubic.info\/index.php?rest_route=%2Fwp%2Fv2%2Fcategories&post=7341"},{"taxonomy":"post_tag","embeddable":true,"href":"http:\/\/niecodziennosc.kubic.info\/index.php?rest_route=%2Fwp%2Fv2%2Ftags&post=7341"}],"curies":[{"name":"wp","href":"https:\/\/api.w.org\/{rel}","templated":true}]}}