{"id":7343,"date":"2015-09-06T23:14:22","date_gmt":"2015-09-06T21:14:22","guid":{"rendered":"http:\/\/niecodziennosc.kubic.info\/index.php\/2015\/09\/06\/panie-wiesku\/"},"modified":"2015-09-06T23:14:22","modified_gmt":"2015-09-06T21:14:22","slug":"panie-wiesku","status":"publish","type":"post","link":"http:\/\/niecodziennosc.kubic.info\/?p=7343","title":{"rendered":"Panie Wie\u015bku"},"content":{"rendered":"<p>Skrzywi\u0142 si\u0119 po\u0142\u00f3wk\u0105 twarzy, przymykaj\u0105c jedno oko. <br \/>&#8211; Jak przyjd\u0105, nie wpuszcz\u0119. Nie b\u0119d\u0119 z nimi rozmawia\u0142. To znaczy mog\u0119 pokaza\u0107, gdzie jest sekretariat, prosz\u0119 bardzo, na pierwsze pi\u0119tro i na wprost, to nale\u017cy do moich obowi\u0105zk\u00f3w. Ale ja nie mam obowi\u0105zku oprowadza\u0107 nikogo po budynku, zreszt\u0105 nawet nie mog\u0119 tego zrobi\u0107. Bo panie Wie\u015bku, ja mam chroni\u0107 obiekt, a nie pokazywa\u0107 go innym, nie wiadomo komu. Ja ich nie znam, nie musz\u0119 ich zna\u0107. Przyjd\u0105 &#8211; powiem dzie\u0144 dobry i poka\u017c\u0119 &#8211; tam jest sekretariat.<\/p>\n<p>Dzi\u015b jestem do p\u00f3\u0142nocy, potem ju\u017c mnie nie ma. Potem niech przychodzi ktokolwiek kto chce i nie chce. Panie Wie\u015bku, potem to ju\u017c mnie nie interesuje. Jak sobie dadz\u0105 rad\u0119? Mnie to nie interesuje. Na pewno sobie dadz\u0105 rad\u0119, ja w to nie w\u0105tpi\u0119. Ale jak, w to ju\u017c nie zamierzam wnika\u0107. Ja dobrze wiem, jak to wygl\u0105da, jakie tu s\u0105, \u017ce tak powiem, warunki i zale\u017cno\u015bci i powiem panu, panie Wie\u015bku, \u017ce nie jest to \u0142atwe. To jest, \u017ce si\u0119 tak wyra\u017c\u0119, specyficzne. Ale ka\u017cdy musi to pozna\u0107, \u017ce tak powiem, sam od siebie.<\/p>\n<p>Nie, nie \u017ca\u0142uj\u0119. Traktuj\u0119 ten okres jako, powiem panu, do\u015bwiadczenie \u017cyciowe. W ka\u017cdym miejscu jest inaczej i wie pan, czasem cz\u0142owiek, siedz\u0105c sobie tak w jednym miejscu, nawet by nie pomy\u015bla\u0142, jak mo\u017ce by\u0107 w innym. To si\u0119, \u017ce tak powiem, w g\u0142owie nie mie\u015bci. Nie \u017ceby to by\u0142o od razu co\u015b strasznego, nie. Tylko, panie Wie\u015bku, \u017ce mo\u017ce by\u0107 akurat tak, jak jest tu, a nie gdzie indziej, gdzie w\u0142a\u015bnie jeste\u015bmy. A\u017c tak inaczej.<\/p>\n<p>Ludzi wspominam, oczywi\u015bcie. I powiem panu, \u017ce w sumie chodzi o to, \u017ceby cz\u0142owiek cz\u0142owiekowi by\u0142 cz\u0142owiekiem. Tu si\u0119 wszystko zaczyna i tu si\u0119 ko\u0144czy. Nie chodzi o nic specjalnego, tylko o to, \u017ceby traktowa\u0107 drugiego cz\u0142owieka tak, jak si\u0119 nale\u017cy. Tylko tyle albo a\u017c tyle.<\/p>\n<p>Do zobaczenia. M\u00f3wi\u0119 do zobaczenia, bo nigdy nie wiadomo, czy si\u0119 jeszcze spotkamy. Miejmy nadziej\u0119, \u017ce tak. Wszystko jest mo\u017cliwe. Tak jak powiedzia\u0142em, jestem do p\u00f3\u0142nocy, a potem mnie nie ma. Do zobaczenia. Klucz pan zostawi\u0142, dzi\u0119kuj\u0119.<\/p>\n","protected":false},"excerpt":{"rendered":"<p>Skrzywi\u0142 si\u0119 po\u0142\u00f3wk\u0105 &#8230;<\/p>\n","protected":false},"author":1,"featured_media":0,"comment_status":"open","ping_status":"open","sticky":false,"template":"","format":"standard","meta":{"footnotes":""},"categories":[22],"tags":[34,879,224],"_links":{"self":[{"href":"http:\/\/niecodziennosc.kubic.info\/index.php?rest_route=\/wp\/v2\/posts\/7343"}],"collection":[{"href":"http:\/\/niecodziennosc.kubic.info\/index.php?rest_route=\/wp\/v2\/posts"}],"about":[{"href":"http:\/\/niecodziennosc.kubic.info\/index.php?rest_route=\/wp\/v2\/types\/post"}],"author":[{"embeddable":true,"href":"http:\/\/niecodziennosc.kubic.info\/index.php?rest_route=\/wp\/v2\/users\/1"}],"replies":[{"embeddable":true,"href":"http:\/\/niecodziennosc.kubic.info\/index.php?rest_route=%2Fwp%2Fv2%2Fcomments&post=7343"}],"version-history":[{"count":0,"href":"http:\/\/niecodziennosc.kubic.info\/index.php?rest_route=\/wp\/v2\/posts\/7343\/revisions"}],"wp:attachment":[{"href":"http:\/\/niecodziennosc.kubic.info\/index.php?rest_route=%2Fwp%2Fv2%2Fmedia&parent=7343"}],"wp:term":[{"taxonomy":"category","embeddable":true,"href":"http:\/\/niecodziennosc.kubic.info\/index.php?rest_route=%2Fwp%2Fv2%2Fcategories&post=7343"},{"taxonomy":"post_tag","embeddable":true,"href":"http:\/\/niecodziennosc.kubic.info\/index.php?rest_route=%2Fwp%2Fv2%2Ftags&post=7343"}],"curies":[{"name":"wp","href":"https:\/\/api.w.org\/{rel}","templated":true}]}}