{"id":7346,"date":"2015-08-24T01:17:24","date_gmt":"2015-08-23T23:17:24","guid":{"rendered":"http:\/\/niecodziennosc.kubic.info\/index.php\/2015\/08\/24\/z-wlasnej-woli\/"},"modified":"2015-08-24T01:17:24","modified_gmt":"2015-08-23T23:17:24","slug":"z-wlasnej-woli","status":"publish","type":"post","link":"http:\/\/niecodziennosc.kubic.info\/?p=7346","title":{"rendered":"Z w\u0142asnej woli"},"content":{"rendered":"<p>Kolega Romek zacz\u0105\u0142 zamieszcza\u0107 na Facebooku zdj\u0119cia z Kaukazu. Na jednym z nich stoi w s\u0142o\u0144cu, a przed nim \u015bciele si\u0119 niesko\u0144czone pole warstw chmur. Nie, to nie chmury, przygl\u0105dam si\u0119 zdj\u0119ciu. To zdaje si\u0119 pole \u015bnie\u017cne albo lodowe. Pi\u0119kne zdj\u0119cie, kropla w kropl\u0119 jak te z podr\u00f3\u017cy Martyny Wojciechowskiej. Ma ch\u0142opak szcz\u0119\u015bcie. Ostatnim razem, jaki sobie mog\u0119 teraz przypomnie\u0107, dawa\u0142 zdj\u0119cia ze skandynawskich fiord\u00f3w. Siedzi sobie nad przepa\u015bci\u0105, o\u015bwietlon\u0105 finlandzkim s\u0142o\u0144cem tego najlepszego gatunku, jaki tam si\u0119 przydarza. Gdzie\u015b w dole o brzeg rozbijaj\u0105 si\u0119 fale. Pisz\u0119: brzeg, ale nawet nie pami\u0119tam, co tam w dole by\u0142o &#8211; piasek, pla\u017ca, czy ska\u0142y. Ale z pewno\u015bci\u0105 by\u0142o fantastyczne.<\/p>\n<p>Dawno ju\u017c kolega Romek nie zamieszcza\u0142 zdj\u0119\u0107 z Tatr, przesta\u0142 te\u017c obwieszcza\u0107 widoki alpejskie. Z prostej dla mnie przyczyny &#8211; przesta\u0142 tam bywa\u0107. A to dlatego, \u017ce bywa teraz w innych miejscach. Nie mo\u017ce by\u0107 tu i tam naraz, przypuszczam nawet, \u017ce nie chcia\u0142by, przynajmniej na razie, by\u0107 tu, gdzie go nie ma, przecie\u017c jest gdzie indziej, i najwyra\u017aniej z w\u0142asnej woli. Domy\u015ble\u0107 si\u0119 tego mo\u017cna z jego komentarzy do zdj\u0119\u0107, kr\u00f3tkich i nie w\u0105tpi\u0105cych: &#8222;wspania\u0142y czas!&#8221;. Na marginesie &#8211; kolega Romek rozmawia tam z tubylcami chyba po angielsku, bo nasz czas mo\u017ce by\u0107 kr\u00f3tki, mo\u017ce si\u0119 d\u0142u\u017cy\u0107 lub by\u0107 nawet nieokre\u015blony, ale nie \u017ceby by\u0142 sam z siebie wspania\u0142y. I to te\u017c jest ciekawe.<\/p>\n<p>Za ka\u017cdym razem kolega Romek potwierdza, \u017ce prze\u017cyte miejsca i w nich do\u015bwiadczenia zbli\u017caj\u0105 go do Pana Boga. Raczej wierz\u0119 mu na s\u0142owo, nie mam powodu, by mu nie wierzy\u0107. Wierz\u0119 nie tylko dlatego, \u017ce ogl\u0105dam zdj\u0119cia, na kt\u00f3rych otwarte na pierwszym planie, Pismo \u015awi\u0119te \u015bwietnie wsp\u00f3\u0142gra z prze\u0142\u0119cz\u0105 w oddali, na wysoko\u015bci trzech i p\u00f3\u0142 tysi\u0105ca metr\u00f3w nad poziomem morza. Wierz\u0119, bo znam szczeg\u00f3ln\u0105 \u0142atwo\u015b\u0107 Romka do zbli\u017cania si\u0119 do Pana Boga i wiem, \u017ce mo\u017ce to robi\u0107 w ka\u017cdym miejscu na Ziemi. Tym bardziej w fiordzie albo w drodze na Kazbek. Czyli wszystko si\u0119 zgadza i nie ma tu \u017cadnej skuchy.<\/p>\n<p>Skoro Romek mo\u017ce to robi\u0107 w ka\u017cdym miejscu, to chyba nie po to jedzie na Kaukaz. No chyba, \u017ce chce odkry\u0107 zupe\u0142nie nowy spos\u00f3b zbli\u017cania si\u0119. Bo mo\u017ce by\u0107 tak, \u017ce Alpy i Kaukaz daj\u0105 zupe\u0142nie inne jako\u015bciowo zbli\u017cenie. Nie chodzi przy tym o wysoko\u015b\u0107 nad poziom morza, czyli o to, czy jest si\u0119 wy\u017cej, czyli bli\u017cej nieba. Na tyle znam Romka, by o tak prostack\u0105 miar\u0119 go nie podejrzewa\u0107.<\/p>\n<p>\u00a0<\/p>\n<p><img fetchpriority=\"high\" decoding=\"async\" src=\"wp-content\/uploads\/2019\/03\/rzysko_tatry_F1A5833.jpg\" alt=\"Pyz\u00f3wka, r\u017cysko, fot. Piotr Kubic\" width=\"500\" height=\"333\" \/><\/p>\n<p>Takie prowadz\u0119 rozmy\u015blania stoj\u0105c w Pyz\u00f3wce. Rozgl\u0105dam si\u0119 wok\u00f3\u0142. O Alpach nie mam co marzy\u0107, ale o Tatrach ju\u017c tak. Majacz\u0105 w oddali. Ale na pewno nie na teraz. Dzi\u015b mam przed sob\u0105 okoliczne wzg\u00f3rza. Jedno z nich nazywa si\u0119 Trubacz. Nie &#8222;Turbacz&#8221;, tego jestem pewien, sk\u0142ada\u0142em litery na mapie kilka razy. Jest \u015brodek sierpnia i w tych okolicach, w\u0142a\u015bnie teraz, nie mog\u0119 liczy\u0107 na fotografi\u0119 w\u015br\u00f3d \u015bnie\u017cnych lub lodowych p\u00f3l, jak te na Kaukazie. Na spacer ponad chmurami te\u017c nie licz\u0119. Ale spoko, r\u00f3wnie\u017c nie potrzebuj\u0119 szczeg\u00f3lnych warunk\u00f3w, w jakich mog\u0119 zbli\u017ca\u0107 si\u0119 do Pana Boga.<\/p>\n<p>Wybieram asfaltow\u0105 drog\u0119 przez wie\u015b. Nikt mnie nie zaczepia, nikt niczego nie chce. W po\u0142owie podej\u015bcia widz\u0119 dom, przy kt\u00f3rym pracuj\u0105 m\u0119\u017cczy\u017ani, ocieplaj\u0105 go. Obej\u015bcie nie ma ogrodzenia, mi\u0119dzy domem a przydro\u017cnym rowem stoi chyba z dziesi\u0119\u0107 rowerk\u00f3w dzieci\u0119cych, plastikowych traktork\u00f3w, ma\u0142ych ci\u0119\u017car\u00f3wek. W\u015br\u00f3d nich podnosi g\u0142ow\u0119 t\u0119ga, m\u0142oda kobieta, ubrana w rodzaj dresu; trudno to stwierdzi\u0107, bo ubranie odesz\u0142o od swojej pierwotnej formy kroju i koloru. Gdy id\u0119 dalej \u015bciga mnie odg\u0142os plastikowych k\u00f3\u0142ek tocz\u0105cych si\u0119 po asfalcie. Po dwudziestu metrach zdaj\u0119 sobie z tego ha\u0142asu spraw\u0119, odwracam si\u0119, widz\u0119 ma\u0142ego ch\u0142opca, kt\u00f3ry jedzie za mn\u0105, schylony nad brudnoczerwonym traktorkiem.<\/p>\n<p>W ostatnim domostwie przed lasem, tam, gdzie ko\u0144czy si\u0119 asfalt i zaczyna le\u015bna droga, porusza si\u0119 wahad\u0142owym krokiem starsza kobieta. Trawa jest przystrzy\u017cona, dom zadbany, wraz z stod\u00f3\u0142k\u0105 i kurnikiem l\u015bni odcieniem pomara\u0144czowego, ciep\u0142ego br\u0105zu. Gdzie\u015b w g\u0142\u0119bi, zza furtki, wychodzi stadko dorodnych indyk\u00f3w. S\u0105 bielutkie, czerwieni\u0105 si\u0119 ich korale. Za stadkiem i kobiet\u0105 drepce chudy m\u0119\u017cczyzna w sztruksowych, niegdy\u015b br\u0105zowych spodniach, podobnej w odcieniu marynarce oraz kaszkiecie. Widz\u0105 ich k\u0105tem oka, bo sam miotam si\u0119 na skrzy\u017cowaniu dr\u00f3g. Nie wiem, kt\u00f3r\u0105 wybra\u0107, a mo\u017ce po prostu nie mog\u0119 oderwa\u0107 oczu, nie chc\u0119 pozostawia\u0107 za sob\u0105 obrazka pomara\u0144czowo-br\u0105zowego gospodarstwa z bielutkimi indorami po\u015brodku.<\/p>\n<p>Kobieta dostrzega moje roztargnienie, zagaduje dok\u0105d chc\u0119 i\u015b\u0107. Odpowiadam jej bez u\u017cycia angielskiego (ani innego obcego j\u0119zyka, nie tak jak Romek w szerokim \u015bwiecie), zauwa\u017cam nawet, \u017ce ona m\u00f3wi polszczyzn\u0105 bardzo zbli\u017con\u0105 do mojej, bez g\u00f3ralskich czy podhala\u0144skich zaci\u0105g\u00f3w i podmiany szeleszcz\u0105cych sp\u00f3\u0142g\u0142osek. Rozmawiam i nie robi\u0119 zdj\u0119cia indykom, z lenistwa, ignorancji, bo o wzruszenie siebie nie podejrzewam. Indory pozostan\u0105 tylko w mojej pami\u0119ci.<\/p>\n<p>Droga przez las nie wyr\u00f3\u017cnia si\u0119 zapachem kurzu i szumem wiatru w ig\u0142ach sosen i \u015bwierk\u00f3w. Grzbiet wzg\u00f3rza jest coraz bli\u017cej, czesze tam wiatr si\u0119gaj\u0105ce najwy\u017cej drzewa. Nadci\u0105ga daleki oddech, tym razem z zachodu, z ciep\u0142ym b\u0142ogos\u0142awie\u0144stwem. Gdy nad czubkami drzew pokazuje si\u0119 horyzont oceniam ile przeszed\u0142em i obliczam czas. Bo mam wr\u00f3ci\u0107 na kolacj\u0119, do rodziny, dzieci, wi\u0119c na kontemplacj\u0119 pozosta\u0142a mi jeszcze godzina.<\/p>\n<p>Na kolejnych rozstajach dr\u00f3g zakr\u0119ca, podwini\u0119te jak dywan, r\u017cysko. Robi\u0119 zdj\u0119cie i potem obrabiam je w komputerze, by sta\u0142o si\u0119 \u0142adne, ale i tak nie zbli\u017cam si\u0119 nawet do elegancji obraz\u00f3w z fotografii Romka na kaukazkich dolinach. Tu wszystko takie zwyk\u0142e, szare. Nawet jak krajobraz \u0142adny, to w \u015brodku stoi s\u0142up wysokiego napi\u0119cia. Ale nie jestem wybredny.<\/p>\n<p>Nawet nie jestem pewien, czy to z w\u0142asnej woli, czy z braku wyboru. Niekt\u00f3rzy m\u00f3wi\u0105, \u017ce ka\u017cdy mia\u0142 lub ma wyb\u00f3r, tylko sam nie wie, kiedy go dokona\u0142, albo kiedy (i czy) inni dokonali wyboru za niego. W ka\u017cdym razie mo\u017ce to niewybredno\u015b\u0107, a mo\u017ce nieprzeci\u0119tna zdolno\u015b\u0107 zbli\u017cania si\u0119 do Niego wsz\u0119dzie. Mo\u017ce zaskakuj\u0105ca afirmacja, w szczeg\u00f3lno\u015bci wszystkiego, w czym si\u0119 uczestniczy &#8211; asfaltowej drogi mi\u0119dzy wiejskimi domami, bia\u0142ych indor\u00f3w, banalnego kurzu le\u015bnej drogi i w og\u00f3le ca\u0142ej tej Pyz\u00f3wki (&#8222;zapyzia\u0142ej&#8221; powiedzieliby malkontenci), wszystko w sumie jako\u015b sprawia, \u017ce przyznaj\u0119, tak: jestem tu z w\u0142asnej woli&#8230;<\/p>\n","protected":false},"excerpt":{"rendered":"<p>Kolega Romek zacz\u0105\u0142 &#8230;<\/p>\n","protected":false},"author":1,"featured_media":0,"comment_status":"open","ping_status":"open","sticky":false,"template":"","format":"standard","meta":{"footnotes":""},"categories":[27],"tags":[558,532,208,870,878,883],"_links":{"self":[{"href":"http:\/\/niecodziennosc.kubic.info\/index.php?rest_route=\/wp\/v2\/posts\/7346"}],"collection":[{"href":"http:\/\/niecodziennosc.kubic.info\/index.php?rest_route=\/wp\/v2\/posts"}],"about":[{"href":"http:\/\/niecodziennosc.kubic.info\/index.php?rest_route=\/wp\/v2\/types\/post"}],"author":[{"embeddable":true,"href":"http:\/\/niecodziennosc.kubic.info\/index.php?rest_route=\/wp\/v2\/users\/1"}],"replies":[{"embeddable":true,"href":"http:\/\/niecodziennosc.kubic.info\/index.php?rest_route=%2Fwp%2Fv2%2Fcomments&post=7346"}],"version-history":[{"count":0,"href":"http:\/\/niecodziennosc.kubic.info\/index.php?rest_route=\/wp\/v2\/posts\/7346\/revisions"}],"wp:attachment":[{"href":"http:\/\/niecodziennosc.kubic.info\/index.php?rest_route=%2Fwp%2Fv2%2Fmedia&parent=7346"}],"wp:term":[{"taxonomy":"category","embeddable":true,"href":"http:\/\/niecodziennosc.kubic.info\/index.php?rest_route=%2Fwp%2Fv2%2Fcategories&post=7346"},{"taxonomy":"post_tag","embeddable":true,"href":"http:\/\/niecodziennosc.kubic.info\/index.php?rest_route=%2Fwp%2Fv2%2Ftags&post=7346"}],"curies":[{"name":"wp","href":"https:\/\/api.w.org\/{rel}","templated":true}]}}