{"id":7347,"date":"2015-08-20T00:11:25","date_gmt":"2015-08-19T22:11:25","guid":{"rendered":"http:\/\/niecodziennosc.kubic.info\/index.php\/2015\/08\/20\/w-szeligowce\/"},"modified":"2019-05-05T01:42:09","modified_gmt":"2019-05-04T23:42:09","slug":"w-szeligowce","status":"publish","type":"post","link":"http:\/\/niecodziennosc.kubic.info\/?p=7347","title":{"rendered":"W Szelig\u00f3wce"},"content":{"rendered":"<p>Jest sz\u00f3sta dwadzie\u015bcia rano. Zanim otworz\u0119 oczy s\u0142ysz\u0119 rozmow\u0119, targowanie si\u0119. Trzy osoby le\u017c\u0105 w \u0142\u00f3\u017ckach, jedna z nich miarowo oddycha, druga mruczy co\u015b prawie przez sen, trzecia z nich to ja. Targowanie odbywa si\u0119 mi\u0119dzy osob\u0105, kt\u00f3ra mruczy, a najm\u0142odszym cz\u0142onkiem naszej rodziny. Ten, czwarty, jest ju\u017c ubrany, w pozycji wyj\u015bciowej, i negocjuje warunki opuszczenia domu.<\/p>\n<p>Wychodz\u0119 za nim na zewn\u0105trz. Wyskoczy\u0142em z \u0142\u00f3\u017cka, zbieg\u0142em schodami na d\u00f3\u0142. Bosymi stopami zbieram porann\u0105 ros\u0119, ramionami &#8211; poranny, sierpniowy, wstrz\u0105saj\u0105cy mn\u0105 ch\u0142\u00f3d. Jeszcze nie tak wstrz\u0105saj\u0105cy, jak ten jesienny, kt\u00f3ry ju\u017c teraz zdaje si\u0119 zapowiada\u0107. Po p\u00f3\u0142 godzinie, ubrani na w\u0119dr\u00f3wk\u0119, wspinamy si\u0119 w\u0105sk\u0105, wiejsk\u0105, wy\u0142o\u017con\u0105 asfaltem, bo wsp\u00f3\u0142finansowan\u0105 przez Uni\u0119, drog\u0105. Za kilkana\u015bcie metr\u00f3w droga si\u0119 sko\u0144czy i p\u00f3jdziemy szlakiem.<\/p>\n<p><img fetchpriority=\"high\" decoding=\"async\" src=\"wp-content\/uploads\/2019\/03\/pyzowka_F1A5663.jpg\" alt=\"Pyz\u00f3wka fot. Piotr Kubic\" width=\"333\" height=\"500\" \/><\/p>\n<p>W \u017c\u00f3\u0142tym budynku mieszkamy od niedzieli, wraz z kilkunastoma rodzinami i w sumie ponad trzydzie\u015bciorgiem dzieci. Stamt\u0105d wyszli\u015bmy. W tle s\u0105 Tatry. \u015aniadanie zaczyna si\u0119 o \u00f3smej trzydzie\u015bci. Zd\u0105\u017cymy. Znajdziemy drog\u0119 na prze\u0142aj, przez \u0142\u0105ki, slalomem mi\u0119dzy krowimi plackami i schylaj\u0105c si\u0119 pod drutami elektrycznych pasterzy. Przy doj\u015bciu do domostw oszczekaj\u0105 nas psy.<\/p>\n<p><img decoding=\"async\" src=\"wp-content\/uploads\/2019\/03\/pyzowka_F1A5676.jpg\" alt=\"Szelig\u00f3wka w Pyz\u00f3wce z Tatrami w tle, fot. Piotr Kubic\" width=\"500\" height=\"333\" \/><\/p>\n","protected":false},"excerpt":{"rendered":"<p>Jest sz\u00f3sta &#8230;<\/p>\n","protected":false},"author":1,"featured_media":0,"comment_status":"open","ping_status":"open","sticky":false,"template":"","format":"standard","meta":{"footnotes":""},"categories":[50,909],"tags":[893,339,896,208,38,638,883],"_links":{"self":[{"href":"http:\/\/niecodziennosc.kubic.info\/index.php?rest_route=\/wp\/v2\/posts\/7347"}],"collection":[{"href":"http:\/\/niecodziennosc.kubic.info\/index.php?rest_route=\/wp\/v2\/posts"}],"about":[{"href":"http:\/\/niecodziennosc.kubic.info\/index.php?rest_route=\/wp\/v2\/types\/post"}],"author":[{"embeddable":true,"href":"http:\/\/niecodziennosc.kubic.info\/index.php?rest_route=\/wp\/v2\/users\/1"}],"replies":[{"embeddable":true,"href":"http:\/\/niecodziennosc.kubic.info\/index.php?rest_route=%2Fwp%2Fv2%2Fcomments&post=7347"}],"version-history":[{"count":1,"href":"http:\/\/niecodziennosc.kubic.info\/index.php?rest_route=\/wp\/v2\/posts\/7347\/revisions"}],"predecessor-version":[{"id":8936,"href":"http:\/\/niecodziennosc.kubic.info\/index.php?rest_route=\/wp\/v2\/posts\/7347\/revisions\/8936"}],"wp:attachment":[{"href":"http:\/\/niecodziennosc.kubic.info\/index.php?rest_route=%2Fwp%2Fv2%2Fmedia&parent=7347"}],"wp:term":[{"taxonomy":"category","embeddable":true,"href":"http:\/\/niecodziennosc.kubic.info\/index.php?rest_route=%2Fwp%2Fv2%2Fcategories&post=7347"},{"taxonomy":"post_tag","embeddable":true,"href":"http:\/\/niecodziennosc.kubic.info\/index.php?rest_route=%2Fwp%2Fv2%2Ftags&post=7347"}],"curies":[{"name":"wp","href":"https:\/\/api.w.org\/{rel}","templated":true}]}}