{"id":7353,"date":"2015-07-11T23:18:53","date_gmt":"2015-07-11T21:18:53","guid":{"rendered":"http:\/\/niecodziennosc.kubic.info\/index.php\/2015\/07\/11\/zapach-lata\/"},"modified":"2015-07-11T23:18:53","modified_gmt":"2015-07-11T21:18:53","slug":"zapach-lata","status":"publish","type":"post","link":"http:\/\/niecodziennosc.kubic.info\/?p=7353","title":{"rendered":"Zapach lata"},"content":{"rendered":"<p>O wio\u015bnie i lecie decyduje, zdaje si\u0119, zapach. To dlatego nawet te ch\u0142odne dni, jak dzi\u015b, bez w\u0105tpienia nale\u017c\u0105 do lata. Nie mam \u017calu do ch\u0142odu, skoro pachnie tak samo, jak trawy w Czersku, Bia\u0142ogardzie, Kruklankach.<\/p>\n<p>W drodze otwierali\u015bmy papierowe mapy. Trzeba by\u0142o sporo miejsca, \u017ceby je rozwin\u0105\u0107, k\u0142adli\u015bmy je np. na masce naszego rodzinnego samochodu. Albo na trawie, lub na dworcowych \u0142awkach. Zdarzy\u0142o si\u0119 k\u0142a\u015b\u0107 na nadbud\u00f3wkach kabinowych \u0142\u00f3dek pomi\u0119dzy Gi\u017cyckiem a Sztynortem.<\/p>\n<p>Czuj\u0119 zapach lata, a busem zmierzam do zamkni\u0119tych, zacienionych pomieszcze\u0144, w kt\u00f3rych sp\u0119dzam ca\u0142e godziny. Albo sp\u0119dzam czas przechodz\u0105c, przeje\u017cd\u017caj\u0105c ulicami du\u017cego miasta, mi\u0119dzy jednym zacienionym pomieszczeniem a drugim. W imi\u0119 czego?<\/p>\n<p>Tworzenia zn\u00f3w przesz\u0142o\u015bci, kt\u00f3r\u0105 b\u0119dzie mo\u017cna wspomina\u0107? Jako\u015b w\u0105tpi\u0119. <\/p>\n","protected":false},"excerpt":{"rendered":"<p>O wio\u015bnie i lecie &#8230;<\/p>\n","protected":false},"author":1,"featured_media":0,"comment_status":"open","ping_status":"open","sticky":false,"template":"","format":"standard","meta":{"footnotes":""},"categories":[27],"tags":[269],"_links":{"self":[{"href":"http:\/\/niecodziennosc.kubic.info\/index.php?rest_route=\/wp\/v2\/posts\/7353"}],"collection":[{"href":"http:\/\/niecodziennosc.kubic.info\/index.php?rest_route=\/wp\/v2\/posts"}],"about":[{"href":"http:\/\/niecodziennosc.kubic.info\/index.php?rest_route=\/wp\/v2\/types\/post"}],"author":[{"embeddable":true,"href":"http:\/\/niecodziennosc.kubic.info\/index.php?rest_route=\/wp\/v2\/users\/1"}],"replies":[{"embeddable":true,"href":"http:\/\/niecodziennosc.kubic.info\/index.php?rest_route=%2Fwp%2Fv2%2Fcomments&post=7353"}],"version-history":[{"count":0,"href":"http:\/\/niecodziennosc.kubic.info\/index.php?rest_route=\/wp\/v2\/posts\/7353\/revisions"}],"wp:attachment":[{"href":"http:\/\/niecodziennosc.kubic.info\/index.php?rest_route=%2Fwp%2Fv2%2Fmedia&parent=7353"}],"wp:term":[{"taxonomy":"category","embeddable":true,"href":"http:\/\/niecodziennosc.kubic.info\/index.php?rest_route=%2Fwp%2Fv2%2Fcategories&post=7353"},{"taxonomy":"post_tag","embeddable":true,"href":"http:\/\/niecodziennosc.kubic.info\/index.php?rest_route=%2Fwp%2Fv2%2Ftags&post=7353"}],"curies":[{"name":"wp","href":"https:\/\/api.w.org\/{rel}","templated":true}]}}