{"id":7354,"date":"2015-07-09T08:27:31","date_gmt":"2015-07-09T06:27:31","guid":{"rendered":"http:\/\/niecodziennosc.kubic.info\/index.php\/2015\/07\/09\/upalne-dni\/"},"modified":"2015-07-09T08:27:31","modified_gmt":"2015-07-09T06:27:31","slug":"upalne-dni","status":"publish","type":"post","link":"http:\/\/niecodziennosc.kubic.info\/?p=7354","title":{"rendered":"Upalne dni"},"content":{"rendered":"<p>Dzie\u0144 upalny, stoj\u0105cy jak z otwart\u0105 i podniesion\u0105 twarz\u0105 prosto w s\u0142o\u0144ce, przy bezwietrznej pogodzie. Nast\u0119pny &#8211; dzie\u0144 bardzo ciep\u0142y lecz bez s\u0142o\u0144ca, z prawie gor\u0105cym wiatrem. Warstwa chmur, r\u00f3wnie\u017c wieczorem. Wiecz\u00f3r jak zimowy, ciemniej\u0105cy zbyt wcze\u015bnie. Tylko dalej ciep\u0142o. I to dziwne.<\/p>\n<p>Wieczorem deszcz. Pada na zewn\u0105trz, b\u0119bni o blachy na dachu. <\/p>\n","protected":false},"excerpt":{"rendered":"<p>Dzie\u0144 upalny, stoj\u0105cy&#8230;<\/p>\n","protected":false},"author":1,"featured_media":0,"comment_status":"open","ping_status":"open","sticky":false,"template":"","format":"standard","meta":{"footnotes":""},"categories":[50],"tags":[413,896],"_links":{"self":[{"href":"http:\/\/niecodziennosc.kubic.info\/index.php?rest_route=\/wp\/v2\/posts\/7354"}],"collection":[{"href":"http:\/\/niecodziennosc.kubic.info\/index.php?rest_route=\/wp\/v2\/posts"}],"about":[{"href":"http:\/\/niecodziennosc.kubic.info\/index.php?rest_route=\/wp\/v2\/types\/post"}],"author":[{"embeddable":true,"href":"http:\/\/niecodziennosc.kubic.info\/index.php?rest_route=\/wp\/v2\/users\/1"}],"replies":[{"embeddable":true,"href":"http:\/\/niecodziennosc.kubic.info\/index.php?rest_route=%2Fwp%2Fv2%2Fcomments&post=7354"}],"version-history":[{"count":0,"href":"http:\/\/niecodziennosc.kubic.info\/index.php?rest_route=\/wp\/v2\/posts\/7354\/revisions"}],"wp:attachment":[{"href":"http:\/\/niecodziennosc.kubic.info\/index.php?rest_route=%2Fwp%2Fv2%2Fmedia&parent=7354"}],"wp:term":[{"taxonomy":"category","embeddable":true,"href":"http:\/\/niecodziennosc.kubic.info\/index.php?rest_route=%2Fwp%2Fv2%2Fcategories&post=7354"},{"taxonomy":"post_tag","embeddable":true,"href":"http:\/\/niecodziennosc.kubic.info\/index.php?rest_route=%2Fwp%2Fv2%2Ftags&post=7354"}],"curies":[{"name":"wp","href":"https:\/\/api.w.org\/{rel}","templated":true}]}}