{"id":7355,"date":"2015-07-08T10:52:24","date_gmt":"2015-07-08T08:52:24","guid":{"rendered":"http:\/\/niecodziennosc.kubic.info\/index.php\/2015\/07\/08\/tato-nagrodzony\/"},"modified":"2015-07-08T10:52:24","modified_gmt":"2015-07-08T08:52:24","slug":"tato-nagrodzony","status":"publish","type":"post","link":"http:\/\/niecodziennosc.kubic.info\/?p=7355","title":{"rendered":"&#8222;Tato&#8221; nagrodzony"},"content":{"rendered":"<p>Moja cicha satysfakcja. Rok temu, po powrocie z pewnej pr\u00f3by generalnej w pewnym teatrze, nie mog\u0142em usn\u0105\u0107 i napisa\u0142em <a href=\"http:\/\/patrz.kubic.info\/index.php\/2014\/09\/tato\/\" target=\"_blank\" rel=\"noopener noreferrer\">ten tekst<\/a>. Dzi\u015b czytam, \u017ce spektakl &#8222;Tato&#8221; zosta\u0142 nagrodzony w <a href=\"http:\/\/www.instytut-teatralny.pl\/aktualnosci\/zwyciezcy-21-konkursu-na-wystawienie-polskiej-sztuki-wspolczesnej_2015-07-06\/\">Og\u00f3lnopolskim Konkursie na Wystawienie Polskiej Sztuki Wsp\u00f3\u0142czesnej<\/a><span> za re\u017cyseri\u0119 Ma\u0142gorzaty Bogajewskiej, a Ewelina Starejki otrzyma\u0142a wyr\u00f3\u017cnienie za rol\u0119 Mamusi. <\/span><\/p>\n","protected":false},"excerpt":{"rendered":"<p>Moja cicha &#8230;<\/p>\n","protected":false},"author":1,"featured_media":0,"comment_status":"open","ping_status":"open","sticky":false,"template":"","format":"standard","meta":{"footnotes":""},"categories":[57],"tags":[271],"_links":{"self":[{"href":"http:\/\/niecodziennosc.kubic.info\/index.php?rest_route=\/wp\/v2\/posts\/7355"}],"collection":[{"href":"http:\/\/niecodziennosc.kubic.info\/index.php?rest_route=\/wp\/v2\/posts"}],"about":[{"href":"http:\/\/niecodziennosc.kubic.info\/index.php?rest_route=\/wp\/v2\/types\/post"}],"author":[{"embeddable":true,"href":"http:\/\/niecodziennosc.kubic.info\/index.php?rest_route=\/wp\/v2\/users\/1"}],"replies":[{"embeddable":true,"href":"http:\/\/niecodziennosc.kubic.info\/index.php?rest_route=%2Fwp%2Fv2%2Fcomments&post=7355"}],"version-history":[{"count":0,"href":"http:\/\/niecodziennosc.kubic.info\/index.php?rest_route=\/wp\/v2\/posts\/7355\/revisions"}],"wp:attachment":[{"href":"http:\/\/niecodziennosc.kubic.info\/index.php?rest_route=%2Fwp%2Fv2%2Fmedia&parent=7355"}],"wp:term":[{"taxonomy":"category","embeddable":true,"href":"http:\/\/niecodziennosc.kubic.info\/index.php?rest_route=%2Fwp%2Fv2%2Fcategories&post=7355"},{"taxonomy":"post_tag","embeddable":true,"href":"http:\/\/niecodziennosc.kubic.info\/index.php?rest_route=%2Fwp%2Fv2%2Ftags&post=7355"}],"curies":[{"name":"wp","href":"https:\/\/api.w.org\/{rel}","templated":true}]}}