{"id":7356,"date":"2015-07-04T20:31:56","date_gmt":"2015-07-04T18:31:56","guid":{"rendered":"http:\/\/niecodziennosc.kubic.info\/index.php\/2015\/07\/04\/dokonalo-sie\/"},"modified":"2015-07-04T20:31:56","modified_gmt":"2015-07-04T18:31:56","slug":"dokonalo-sie","status":"publish","type":"post","link":"http:\/\/niecodziennosc.kubic.info\/?p=7356","title":{"rendered":"Dokona\u0142o si\u0119"},"content":{"rendered":"<p>Odp\u0142ywa ze mnie napi\u0119cie towarzysz\u0105ce mi miesi\u0119cy, a w ci\u0105gu ostatnich tygodni dr\u0119cz\u0105ce prawie bez przerwy. Strona internetowa <a href=\"http:\/\/www.jamjest.kubic.info\/\" target=\"_blank\" rel=\"noopener noreferrer\">Jam jest<\/a>, opowiadaj\u0105ca o powstawaniu cyklu zdj\u0119\u0107, zosta\u0142a ostatniej nocy otwarta. Powoli robi\u0119 porz\u0105dek w notatkach &#8211; to znaczy zamykam je i przesuwam do katalog\u00f3w w archiwum. Silne napi\u0119cie towarzysz\u0105ce my\u015blom, \u017ce nie zd\u0105\u017c\u0119, \u017ce nie dam rady, \u017ce g\u0142upie b\u0119dzie to, co stworz\u0119, teraz zamienia si\u0119 powoli w nostalgi\u0119. Oba uczucia s\u0105 trudne do zniesienia, ale chyba wol\u0119 to pierwsze&#8230; Cho\u0107 przecie\u017c legenda powstaje dopiero po zako\u0144czeniu wydarzenia, projektu, tej har\u00f3wki, \u015bcigania si\u0119 z ka\u017cd\u0105 godzin\u0105, zmuszania si\u0119 do zaj\u0119cia tym, czym przecie\u017c tak naprawd\u0119 chc\u0119 si\u0119 zajmowa\u0107, ale nie mog\u0119 akurat wtedy, kiedy jest to najbardziej potrzebne, wskazane, kiedy wreszcie trzeba dobrn\u0105\u0107 do ko\u0144ca i zamkn\u0105\u0107 spraw\u0119. A t\u0119skni si\u0119 wtedy, kiedy powstanie legenda. Legenda nie jest tym, co by\u0142o. Tak naprawd\u0119 nie wiadomo, za czym si\u0119 t\u0119skni.<\/p>\n<p><a href=\"http:\/\/www.jamjest.kubic.info\/\" target=\"_blank\" rel=\"noopener noreferrer\"><img fetchpriority=\"high\" decoding=\"async\" src=\"http:\/\/www.jamjest.kubic.info\/s\/wp-content\/uploads\/2015\/06\/Drzwiami-_F1A3536-Edit-Edit-Edit.jpg\" alt=\"kaledarz &#8222;Jam jest&#8221; 2015-16\" width=\"500\" height=\"333\" \/><\/a><\/p>\n<p>Dzi\u0119kuj\u0119 ludziom, kt\u00f3rzy zafundowali mi ten stres i dzi\u0119ki kt\u00f3rym praca nad projektem, od dzi\u015b, staje si\u0119 dla mnie legend\u0105, z powodu kt\u00f3rej ju\u017c t\u0119skni\u0119.<\/p>\n","protected":false},"excerpt":{"rendered":"<p>Odp\u0142ywa ze mnie &#8230;<\/p>\n","protected":false},"author":1,"featured_media":0,"comment_status":"open","ping_status":"open","sticky":false,"template":"","format":"standard","meta":{"footnotes":""},"categories":[35],"tags":[70,269],"_links":{"self":[{"href":"http:\/\/niecodziennosc.kubic.info\/index.php?rest_route=\/wp\/v2\/posts\/7356"}],"collection":[{"href":"http:\/\/niecodziennosc.kubic.info\/index.php?rest_route=\/wp\/v2\/posts"}],"about":[{"href":"http:\/\/niecodziennosc.kubic.info\/index.php?rest_route=\/wp\/v2\/types\/post"}],"author":[{"embeddable":true,"href":"http:\/\/niecodziennosc.kubic.info\/index.php?rest_route=\/wp\/v2\/users\/1"}],"replies":[{"embeddable":true,"href":"http:\/\/niecodziennosc.kubic.info\/index.php?rest_route=%2Fwp%2Fv2%2Fcomments&post=7356"}],"version-history":[{"count":0,"href":"http:\/\/niecodziennosc.kubic.info\/index.php?rest_route=\/wp\/v2\/posts\/7356\/revisions"}],"wp:attachment":[{"href":"http:\/\/niecodziennosc.kubic.info\/index.php?rest_route=%2Fwp%2Fv2%2Fmedia&parent=7356"}],"wp:term":[{"taxonomy":"category","embeddable":true,"href":"http:\/\/niecodziennosc.kubic.info\/index.php?rest_route=%2Fwp%2Fv2%2Fcategories&post=7356"},{"taxonomy":"post_tag","embeddable":true,"href":"http:\/\/niecodziennosc.kubic.info\/index.php?rest_route=%2Fwp%2Fv2%2Ftags&post=7356"}],"curies":[{"name":"wp","href":"https:\/\/api.w.org\/{rel}","templated":true}]}}