{"id":7370,"date":"2015-05-29T06:20:30","date_gmt":"2015-05-29T04:20:30","guid":{"rendered":"http:\/\/niecodziennosc.kubic.info\/index.php\/2015\/05\/29\/final-cut-pro-7-i-mavericks\/"},"modified":"2015-05-29T06:20:30","modified_gmt":"2015-05-29T04:20:30","slug":"final-cut-pro-7-i-mavericks","status":"publish","type":"post","link":"http:\/\/niecodziennosc.kubic.info\/?p=7370","title":{"rendered":"Final Cut Pro 7 i Mavericks"},"content":{"rendered":"<p>Nie s\u0105dzi\u0142em, \u017ce do\u017cyj\u0119 tej chwili. Lecz w\u0142a\u015bnie zrobi\u0142em krok wstecz w dziedzinie informatyki. Z w\u0142asnej woli, nie przez przypadek. Walcz\u0105c o ten krok przez dwa dni, w trakcie kt\u00f3rych, jak w amoku, nie mog\u0142em oderwa\u0107 si\u0119 od pracy. Maszyna nie chcia\u0142a si\u0119 podda\u0107 zabiegowi, a ja za wszelk\u0105 cen\u0119 pr\u00f3bowa\u0142em j\u0105 przem\u00f3c. Dlaczego pr\u00f3bowa\u0142em? Poniewa\u017c pop\u0119dza\u0142a mnie nadzieja, \u017ce zn\u00f3w b\u0119d\u0119 m\u00f3g\u0142 normalnie, wygodnie pracowa\u0107, jak kilka lat temu. Bez ci\u0105g\u0142ego wciskania klawiszy Command&#8211;S (czyli bez nieustannego zapisywania projektu w obawie, \u017ce zaraz program sam &#8221;zako\u0144czy prac\u0119&#8221;).<\/p>\n<p>W\u0142a\u015bnie zainstalowa\u0142em w moim komputerze firmy Apple jeden ze starych system\u00f3w operacyjnych o nazwie <strong>Lion<\/strong>. Najpierw stworzy\u0142em do tego oddzieln\u0105 partycj\u0119 na dysku, ale potem nie by\u0142o ju\u017c \u0142atwo, bo m\u00f3j obecny system operacyjny &#8211; Mavericks &#8211; nie chcia\u0142 si\u0119 podda\u0107 i nie chcia\u0142 uruchomi\u0107 instalatora systemu starszego ni\u017c on sam. <strong>Nie chcia\u0142 zrozumie\u0107, \u017ce nie jest taki \u015bwietny i \u017ce wol\u0119 co\u015b starszego<\/strong>.<\/p>\n<p>Lion to system o numerze 10.7, za\u015b Mavericks &#8211; 10.9, czyli o dwa numery wy\u017cszy. Ha, ale jest jeszcze nowsze &#8222;cudo&#8221; &#8211; Yosemite, o numerze 10.10. Ja jednak dzi\u0119kuj\u0119 za te nowo\u015bci. Poniewa\u017c program Final Cut Pro w wersji 7 to \u015bwietny program do monta\u017cu wideo, a jednak w systemie Mavericks staje si\u0119 kompletnym bublem. Koszmarnym dziadostwem, kt\u00f3ry zawiesza si\u0119 w najr\u00f3\u017cniejszych momentach, przy najprostszych operacjach monta\u017cowych. Drodzy specjali\u015bci z Apple, nie chc\u0119 waszych nowo\u015bci, kt\u00f3re niszcz\u0105 co\u015b, co by\u0142o bardzo dobre. Wracam do przesz\u0142o\u015bci.<\/p>\n<p>Co prawda Apple wypu\u015bci\u0142o nowszy Final Cut Pro X, kt\u00f3ry pracuje w Mavericks, ale gdy czytam opinie u\u017cytkownik\u00f3w nie czuj\u0119 si\u0119 do niego zach\u0119cony. Chc\u0119 m\u00f3c spokojnie pracowa\u0107, nie za\u015b przesiadywa\u0107 na forach u\u017cytkownik\u00f3w Apple, kt\u00f3rzy b\u0142agaj\u0105 o ratunek.<\/p>\n","protected":false},"excerpt":{"rendered":"<p>Nie s\u0105dzi\u0142em, \u017ce &#8230;<\/p>\n","protected":false},"author":1,"featured_media":0,"comment_status":"open","ping_status":"open","sticky":false,"template":"","format":"standard","meta":{"footnotes":""},"categories":[57],"tags":[646,867,889,676,327,269],"_links":{"self":[{"href":"http:\/\/niecodziennosc.kubic.info\/index.php?rest_route=\/wp\/v2\/posts\/7370"}],"collection":[{"href":"http:\/\/niecodziennosc.kubic.info\/index.php?rest_route=\/wp\/v2\/posts"}],"about":[{"href":"http:\/\/niecodziennosc.kubic.info\/index.php?rest_route=\/wp\/v2\/types\/post"}],"author":[{"embeddable":true,"href":"http:\/\/niecodziennosc.kubic.info\/index.php?rest_route=\/wp\/v2\/users\/1"}],"replies":[{"embeddable":true,"href":"http:\/\/niecodziennosc.kubic.info\/index.php?rest_route=%2Fwp%2Fv2%2Fcomments&post=7370"}],"version-history":[{"count":0,"href":"http:\/\/niecodziennosc.kubic.info\/index.php?rest_route=\/wp\/v2\/posts\/7370\/revisions"}],"wp:attachment":[{"href":"http:\/\/niecodziennosc.kubic.info\/index.php?rest_route=%2Fwp%2Fv2%2Fmedia&parent=7370"}],"wp:term":[{"taxonomy":"category","embeddable":true,"href":"http:\/\/niecodziennosc.kubic.info\/index.php?rest_route=%2Fwp%2Fv2%2Fcategories&post=7370"},{"taxonomy":"post_tag","embeddable":true,"href":"http:\/\/niecodziennosc.kubic.info\/index.php?rest_route=%2Fwp%2Fv2%2Ftags&post=7370"}],"curies":[{"name":"wp","href":"https:\/\/api.w.org\/{rel}","templated":true}]}}