{"id":7373,"date":"2015-05-21T06:42:39","date_gmt":"2015-05-21T04:42:39","guid":{"rendered":"http:\/\/niecodziennosc.kubic.info\/index.php\/2015\/05\/21\/nie-ma-prawa-grac-na-pianinie\/"},"modified":"2019-05-05T01:42:10","modified_gmt":"2019-05-04T23:42:10","slug":"nie-ma-prawa-grac-na-pianinie","status":"publish","type":"post","link":"http:\/\/niecodziennosc.kubic.info\/?p=7373","title":{"rendered":"Nie ma prawa gra\u0107 na pianinie"},"content":{"rendered":"<p>Jest wiecz\u00f3r. Wieszam pranie. Nie pami\u0119tam, kiedy ostatnim razem wiesza\u0142em pranie. Kto zwykle wiesza pranie&#8230;?<\/p>\n<p>Nie powinienem pyta\u0107. Powinienem raczej napisa\u0107: kto\u015b inny na co dzie\u0144 wiesza pranie.<\/p>\n<p>Ale zaraz. Przecie\u017c wiem, kto zwykle wiesza pranie, dlaczego wi\u0119c nie napisa\u0107 &#8211; kto?<\/p>\n<p>Bo tym razem nie chodzi o to, kto wiesza pranie, tylko \u017ce nie robi\u0119 tego ja.<\/p>\n<p>Przewrotne. W ten spos\u00f3b skupiam si\u0119 na sobie, nawet je\u015bli to nie ja wieszam pranie. A to \u017cadna zas\u0142uga. I to jest co najmniej dziwne. To nie fair. Ha, to nie jest dziwne, to po prostu egocentryzm.<\/p>\n<p>Chcia\u0142em wieczorem gra\u0107 na pianinie, lecz potkn\u0105\u0142em si\u0119 o misk\u0119 z praniem do wywieszenia. Potem okaza\u0142o si\u0119, \u017ce aby je wywiesi\u0107, musz\u0119 z\u0142o\u017cy\u0107 to pranie, kt\u00f3re zajmowa\u0142o suszark\u0119. Bo nie by\u0142o wolnego miejsca. Z\u0142o\u017cy\u0107 to nie tak \u0142atwo, z\u0142o\u017cy\u0107 &#8211; nie tak hop siup. To posegregowa\u0107 na cztery osoby, w\u0142o\u017cy\u0107 do szafy ka\u017cdej z nich, na p\u00f3\u0142k\u0119, do szuflady. Nios\u0119 pranie do pokoju, a tam sterta prania do prasowania. Psia kostka. I jak tu gra\u0107 na pianinie&#8230;<\/p>\n<p><img fetchpriority=\"high\" decoding=\"async\" title=\"Pianino w ogrodzie fot. Piotr Kubic\" src=\"wp-content\/uploads\/2019\/03\/pianino_w_ogrodzieMF1A48002.jpg\" alt=\"Pianino w ogrodzie fot. Piotr Kubic\" width=\"500\" height=\"281\" \/><\/p>\n","protected":false},"excerpt":{"rendered":"<p>Jest wiecz\u00f3r. Wieszam&#8230;<\/p>\n","protected":false},"author":1,"featured_media":0,"comment_status":"open","ping_status":"open","sticky":false,"template":"","format":"standard","meta":{"footnotes":""},"categories":[50,909],"tags":[646,34,894,38,638,70],"_links":{"self":[{"href":"http:\/\/niecodziennosc.kubic.info\/index.php?rest_route=\/wp\/v2\/posts\/7373"}],"collection":[{"href":"http:\/\/niecodziennosc.kubic.info\/index.php?rest_route=\/wp\/v2\/posts"}],"about":[{"href":"http:\/\/niecodziennosc.kubic.info\/index.php?rest_route=\/wp\/v2\/types\/post"}],"author":[{"embeddable":true,"href":"http:\/\/niecodziennosc.kubic.info\/index.php?rest_route=\/wp\/v2\/users\/1"}],"replies":[{"embeddable":true,"href":"http:\/\/niecodziennosc.kubic.info\/index.php?rest_route=%2Fwp%2Fv2%2Fcomments&post=7373"}],"version-history":[{"count":1,"href":"http:\/\/niecodziennosc.kubic.info\/index.php?rest_route=\/wp\/v2\/posts\/7373\/revisions"}],"predecessor-version":[{"id":8941,"href":"http:\/\/niecodziennosc.kubic.info\/index.php?rest_route=\/wp\/v2\/posts\/7373\/revisions\/8941"}],"wp:attachment":[{"href":"http:\/\/niecodziennosc.kubic.info\/index.php?rest_route=%2Fwp%2Fv2%2Fmedia&parent=7373"}],"wp:term":[{"taxonomy":"category","embeddable":true,"href":"http:\/\/niecodziennosc.kubic.info\/index.php?rest_route=%2Fwp%2Fv2%2Fcategories&post=7373"},{"taxonomy":"post_tag","embeddable":true,"href":"http:\/\/niecodziennosc.kubic.info\/index.php?rest_route=%2Fwp%2Fv2%2Ftags&post=7373"}],"curies":[{"name":"wp","href":"https:\/\/api.w.org\/{rel}","templated":true}]}}