{"id":7374,"date":"2015-05-18T00:22:30","date_gmt":"2015-05-17T22:22:30","guid":{"rendered":"http:\/\/niecodziennosc.kubic.info\/index.php\/2015\/05\/18\/zmartwychwstanie\/"},"modified":"2015-05-18T00:22:30","modified_gmt":"2015-05-17T22:22:30","slug":"zmartwychwstanie","status":"publish","type":"post","link":"http:\/\/niecodziennosc.kubic.info\/?p=7374","title":{"rendered":"Zmartwychwstanie"},"content":{"rendered":"<p>Od trzech dni czarne wieko zamyka\u0142o si\u0119 nad nim, nie domykaj\u0105c si\u0119 ca\u0142kowicie. Co prawda nie wygl\u0105da\u0142o na to, \u017ce si\u0119 domknie, ale to ci\u0105g\u0142e zamykanie by\u0142o fatalne. Podpiera\u0142 wieko r\u0119k\u0105 i odpycha\u0142, ale si\u0142 starcza\u0142o mu na kr\u00f3tko, i zn\u00f3w opada\u0142o. Przezi\u0119bienie.\u00a0<\/p>\n<p>Z przyci\u0119\u017ckim wiekiem nad sob\u0105 w\u0142\u00f3czy\u0142 si\u0119 od domu do pracy, zaj\u0119cia do zaj\u0119cia, od spotkania do spotkania. Przysiada\u0142 w k\u0105cie, przymyka\u0142 oczy na p\u00f3\u0142 minuty czekaj\u0105c na czerwonym \u015bwietle, drzema\u0142 pi\u0119tna\u015bcie minut mi\u0119dzy jednym telefonem a drugim. Wieko stawa\u0142o si\u0119 l\u017cejsze na jaki\u015b czas, na chwil\u0119.<\/p>\n<p>Zmartwychwstanie poczu\u0142 dzi\u015b, na hu\u015btawce. Pojecha\u0142 wieczorem na przeja\u017cd\u017ck\u0119 rowerow\u0105 z dzie\u0107mi i na placu zabaw, przez przypadek, usiad\u0142 na hu\u015btawce. Chcia\u0142 odpocz\u0105\u0107&#8230; zabuja\u0142 si\u0119.<\/p>\n<p>W\u0142a\u015bnie zachodzi\u0142o s\u0142o\u0144ce; niebem, mi\u0119dzy blokiem a budynkiem zamkni\u0119tej w niedziel\u0119 szko\u0142y d\u0105\u017cy\u0142y niepostrze\u017conym, posuwistym krokiem, rozci\u0105gni\u0119te pierza chmur. Na placu zabaw, czyli tu, na ziemi, pusto; dwie mamy, gaworz\u0105ce, oddala\u0142y si\u0119, pokrzykuj\u0105c na dw\u00f3ch ma\u0142ych synk\u00f3w biegn\u0105cych ko\u0142ysz\u0105cym si\u0119 krokiem.<\/p>\n<p><img fetchpriority=\"high\" decoding=\"async\" src=\"wp-content\/uploads\/2019\/03\/zachod_MG_8253.jpg\" alt=\"zach\u00f3d w g\u0119stej zabudowie\" width=\"500\" height=\"333\" \/><\/p>\n<p>Tam, o zachodzie s\u0142o\u0144ca, wieko zacz\u0119\u0142o ulatywa\u0107. Teraz, kiedy jest w domu, na zewn\u0105trz ju\u017c ciemno, a wewn\u0105trz jego duszy &#8211; jasno. S\u0142yszy, jak z \u0142azienki dobiega g\u0142os synka, kt\u00f3ry mo\u017ce po raz pierwszy w \u017cyciu za\u015bpiewuje si\u0119 piosenk\u0105. Jak to si\u0119 sta\u0142o, \u017ce si\u0119 za\u015bpiewuje, nie wiadomo, z punktu widzenia rodzica to po prostu przypadek, cho\u0107 przypadk\u00f3w nie ma. Szczeg\u00f3lne, \u017ce ca\u0142e miesi\u0105ce stara\u0144 nie przynios\u0142y efektu i syn nie za\u015bpiewa\u0142, a \u015bpiewa w\u0142a\u015bnie teraz i to jak! Wystarczy pos\u0142ucha\u0107 dw\u00f3ch, trzech wers\u00f3w. Zmartwychwstanie. Jak je sprawi\u0107, na zawo\u0142anie, nie wiadomo. Pozostaje nadzieja, gdy opada wieko, tym wi\u0119ksza rado\u015b\u0107, gdy przeja\u015bnieje.<\/p>\n","protected":false},"excerpt":{"rendered":"<p>Od trzech dni czarne &#8230;<\/p>\n","protected":false},"author":1,"featured_media":0,"comment_status":"open","ping_status":"open","sticky":false,"template":"","format":"standard","meta":{"footnotes":""},"categories":[27],"tags":[373,413,676,208],"_links":{"self":[{"href":"http:\/\/niecodziennosc.kubic.info\/index.php?rest_route=\/wp\/v2\/posts\/7374"}],"collection":[{"href":"http:\/\/niecodziennosc.kubic.info\/index.php?rest_route=\/wp\/v2\/posts"}],"about":[{"href":"http:\/\/niecodziennosc.kubic.info\/index.php?rest_route=\/wp\/v2\/types\/post"}],"author":[{"embeddable":true,"href":"http:\/\/niecodziennosc.kubic.info\/index.php?rest_route=\/wp\/v2\/users\/1"}],"replies":[{"embeddable":true,"href":"http:\/\/niecodziennosc.kubic.info\/index.php?rest_route=%2Fwp%2Fv2%2Fcomments&post=7374"}],"version-history":[{"count":0,"href":"http:\/\/niecodziennosc.kubic.info\/index.php?rest_route=\/wp\/v2\/posts\/7374\/revisions"}],"wp:attachment":[{"href":"http:\/\/niecodziennosc.kubic.info\/index.php?rest_route=%2Fwp%2Fv2%2Fmedia&parent=7374"}],"wp:term":[{"taxonomy":"category","embeddable":true,"href":"http:\/\/niecodziennosc.kubic.info\/index.php?rest_route=%2Fwp%2Fv2%2Fcategories&post=7374"},{"taxonomy":"post_tag","embeddable":true,"href":"http:\/\/niecodziennosc.kubic.info\/index.php?rest_route=%2Fwp%2Fv2%2Ftags&post=7374"}],"curies":[{"name":"wp","href":"https:\/\/api.w.org\/{rel}","templated":true}]}}