{"id":7375,"date":"2015-05-11T23:18:14","date_gmt":"2015-05-11T21:18:14","guid":{"rendered":"http:\/\/niecodziennosc.kubic.info\/index.php\/2015\/05\/11\/kiedy-lepiej-juz-nie-bedzie\/"},"modified":"2015-05-11T23:18:14","modified_gmt":"2015-05-11T21:18:14","slug":"kiedy-lepiej-juz-nie-bedzie","status":"publish","type":"post","link":"http:\/\/niecodziennosc.kubic.info\/?p=7375","title":{"rendered":"Kiedy lepiej ju\u017c nie b\u0119dzie"},"content":{"rendered":"<p>Babcia siedzia\u0142a na ganku. By\u0142 upalny dzie\u0144. Lato. Chodzi\u0142a z trudno\u015bci\u0105, a z ganku na podw\u00f3rko by\u0142o pi\u0119\u0107 schodk\u00f3w. W zbiorze slajd\u00f3w mam jeden, na kt\u00f3rym babcia i dziadek schodz\u0105 na podw\u00f3rko z walizkami, a tam czeka na nich ciemnoniebieski fiat 125p. To ojciec mia\u0142 ich zawie\u017a\u0107 na stacj\u0119 kolejow\u0105, jechali na wczasy. Teraz wiem, \u017ce to by\u0142 ich ostatni samodzielny wyjazd.<\/p>\n<p>Zastanawiam si\u0119 co my\u015bli i jak czuje si\u0119 cz\u0142owiek, kt\u00f3ry wie, \u017ce lepiej ju\u017c nie b\u0119dzie. Jak mierzy si\u0119 z my\u015bl\u0105, \u017ce b\u0119dzie tylko gorzej. Podejrzewam, \u017ce sam, wewn\u0119trznie, nocami, zmaga si\u0119 bez romantyzmu.<\/p>\n<p>Z ganku wida\u0107 by\u0142o s\u0105siednie podw\u00f3rka, gdy\u017c od naszego oddziela\u0142a jest druciana siatka. Wtedy wszystkie ogrodzenia by\u0142y z takiej siatki, ma\u0142o kogo sta\u0107 by\u0142o na ekstrawagancj\u0119 czego\u015b innego, zreszt\u0105 nawet nie wiedzieli\u015bmy, co to ekstrawagancja, a je\u015bli podejrzewali\u015bmy, to z my\u015bl\u0105, \u017ce nas na ni\u0105 nie sta\u0107. A gdyby by\u0142o sta\u0107, to i tak postawiliby\u015bmy siatk\u0119, bo mie\u0107 albo zrobi\u0107 co\u015b innego ni\u017c wszyscy, to by\u0142 obciach. Co jeszcze ciekawe, to by\u0142y czasy, kiedy ze wszystkimi s\u0105siadami byli\u015bmy spokrewnieni.<\/p>\n<p>A jednak podw\u00f3rko s\u0105siada z p\u00f3\u0142nocy, ta jego dalsza, p\u00f3\u0142nocna granica, nie by\u0142a wyznaczona siatk\u0105. Tylko bia\u0142ym murem z wapiennych kamieni. Babcia mog\u0142a go widzie\u0107 ze swojego stanowiska na ganku. Czasem, rzadko, potrz\u0105sa\u0142a g\u0142ow\u0105 w tamt\u0105 stron\u0119 i z dobitnym spokojem komunikowa\u0142a: &#8222;chcia\u0142abym ju\u017c tam by\u0107&#8221;. Czu\u0142em si\u0119 zobowi\u0105zany zaprzecza\u0107 i bagatelizowa\u0107 jej my\u015bl. Ale dzi\u015b pami\u0119tam moje wewn\u0119trzne uczucie, \u017ce nie mam prawa, mocy, by naprawd\u0119 jej zaprzecza\u0107. Nie tylko dlatego, \u017ce brakowa\u0142o mi konkretnych s\u0142\u00f3w, argument\u00f3w. Te\u017c dlatego, \u017ce ona najprawdopodobniej wie, albo czuje co\u015b, co j\u0105 upowa\u017cnia do takiego stwierdzenia, \u017cyczenia. A ja o tym czym\u015b nie mam poj\u0119cia. I znowu bagatelizowa\u0142em, ten ostatni raz, gdy wyje\u017cd\u017ca\u0142a z podw\u00f3rka samochodem jako pasa\u017cer, i przez otwarte okno m\u00f3wi\u0142a: ju\u017c tu nie wr\u00f3c\u0119.<\/p>\n<p>Co jaki\u015b czas, co kilka lat, powracaj\u0105 mi jej s\u0142owa. Badacz, eksplorator, nie mo\u017ce pozostawi\u0107, porzuci\u0107 kwestii niewyja\u015bnionej. Nawet, je\u015bli przewa\u017cnie udaje mu si\u0119 traktowa\u0107 j\u0105 z oboj\u0119tno\u015bci\u0105. Za ka\u017cdym jej powrotem mam wra\u017cenie, \u017ce jestem coraz bli\u017cej zrozumienia mojej babci. Ostatnim razem by\u0142o to w momencie, kiedy zobaczy\u0142em w\u0142a\u015bnie ten widok:<\/p>\n<p><img fetchpriority=\"high\" decoding=\"async\" src=\"wp-content\/uploads\/2019\/03\/pejzaz_MG_9224.jpg\" alt=\"pola Wy\u017cyny Miechowskiej fot. Piotr Kubic\" width=\"500\" height=\"333\" \/><\/p>\n<p>Pomy\u015bla\u0142em, poczu\u0142em, \u017ce w\u015br\u00f3d tych p\u00f3l m\u00f3g\u0142bym zosta\u0107 i nie by\u0142oby mi \u017cal. \u017be, powoli, zaczynam nie chcie\u0107&#8230;<\/p>\n<p>Za podw\u00f3rkiem s\u0105siada z p\u00f3\u0142nocy, za murem z bia\u0142ych kamieni, jest cmentarz.<\/p>\n","protected":false},"excerpt":{"rendered":"<p>Babcia siedzia\u0142a na &#8230;<\/p>\n","protected":false},"author":1,"featured_media":0,"comment_status":"open","ping_status":"open","sticky":false,"template":"","format":"standard","meta":{"footnotes":""},"categories":[16],"tags":[186,870],"_links":{"self":[{"href":"http:\/\/niecodziennosc.kubic.info\/index.php?rest_route=\/wp\/v2\/posts\/7375"}],"collection":[{"href":"http:\/\/niecodziennosc.kubic.info\/index.php?rest_route=\/wp\/v2\/posts"}],"about":[{"href":"http:\/\/niecodziennosc.kubic.info\/index.php?rest_route=\/wp\/v2\/types\/post"}],"author":[{"embeddable":true,"href":"http:\/\/niecodziennosc.kubic.info\/index.php?rest_route=\/wp\/v2\/users\/1"}],"replies":[{"embeddable":true,"href":"http:\/\/niecodziennosc.kubic.info\/index.php?rest_route=%2Fwp%2Fv2%2Fcomments&post=7375"}],"version-history":[{"count":0,"href":"http:\/\/niecodziennosc.kubic.info\/index.php?rest_route=\/wp\/v2\/posts\/7375\/revisions"}],"wp:attachment":[{"href":"http:\/\/niecodziennosc.kubic.info\/index.php?rest_route=%2Fwp%2Fv2%2Fmedia&parent=7375"}],"wp:term":[{"taxonomy":"category","embeddable":true,"href":"http:\/\/niecodziennosc.kubic.info\/index.php?rest_route=%2Fwp%2Fv2%2Fcategories&post=7375"},{"taxonomy":"post_tag","embeddable":true,"href":"http:\/\/niecodziennosc.kubic.info\/index.php?rest_route=%2Fwp%2Fv2%2Ftags&post=7375"}],"curies":[{"name":"wp","href":"https:\/\/api.w.org\/{rel}","templated":true}]}}