{"id":7379,"date":"2015-05-09T00:13:41","date_gmt":"2015-05-08T22:13:41","guid":{"rendered":"http:\/\/niecodziennosc.kubic.info\/index.php\/2015\/05\/09\/tworca-z-gorsetem\/"},"modified":"2015-05-09T00:13:41","modified_gmt":"2015-05-08T22:13:41","slug":"tworca-z-gorsetem","status":"publish","type":"post","link":"http:\/\/niecodziennosc.kubic.info\/?p=7379","title":{"rendered":"Tw\u00f3rca z gorsetem"},"content":{"rendered":"<p>Czasem dopada mnie przemo\u017cna ch\u0119\u0107, \u017ceby powiedzie\u0107 &#8222;nie&#8221; wszystkim trendom w fotografii, kt\u00f3re mog\u0105 w jaki\u015b spos\u00f3b mnie dotyka\u0107. Wszystkiemu temu, o czym wiem, \u017ce spodziewaj\u0105 si\u0119 odbiorcy. Jak w poprzednim moim wpisie &#8211; zdj\u0119cia, kt\u00f3re do niego wybra\u0142em, sprzeciwiaj\u0105 si\u0119 zasadzie pe\u0142nego kadrowania. Uci\u0119te stopy, uci\u0119te d\u0142onie, uci\u0119te p\u00f3\u0142 postaci. Na marginesie &#8211; pok\u0142\u00f3ci\u0142em si\u0119 kiedy\u015b z kole\u017cank\u0105 plastyczk\u0105, kt\u00f3ra wytkn\u0119\u0142a mi uci\u0119te ko\u0144czyny na niekt\u00f3rych moich zdj\u0119ciach. Na nic zdawa\u0142y si\u0119 argumenty merytoryczne &#8211; &#8222;r\u0119ka ca\u0142a musi by\u0107!&#8221;. Nie mia\u0142bym si\u0119 jak broni\u0107 gdyby nie to, \u017ce kiedy\u015b zabra\u0142e\u015b mnie, Marcinie, do Musee d&#8217;Orsay i zobaczy\u0142em na w\u0142asne oczy obci\u0119te impresjonistycznie ko\u0144czyny w malarstwie. Argumentem tym (argumentem, \u017ce by\u0142em w Musee d&#8217;Orsay, a nie argumentem rodzaju merytorycznego) zgasi\u0142em ow\u0105 dyskusj\u0119, jak to zwykle bywa, kiedy nie ma szansy na prawdziwe rozwa\u017cania. (Dzi\u0119kuj\u0119 Ci Marcin. Dzi\u0119kuje za tamte rozmowy, dyskusje, za Elika te\u017c&#8230;)<\/p>\n<p>Nie chodzi o to, \u017ce czuj\u0119 si\u0119 znawc\u0105, profesorem fotografii, krytykiem jakiejkolwiek sztuki czy kim\u015b podobnym. Chodzi o to, \u017ce czasem tak bardzo uwiera gorset nak\u0142adany przez oczekiwania ludzkie. \u017be tylko ten kto\u015b, kto poczu\u0142 na sobie ten gorset i zrozumia\u0142, \u017ce on istnieje, rozpozna szybko kogo\u015b drugiego z gorsetem. Je\u015bli dw\u00f3ch takich si\u0119 spotka, to wystarczy, \u017ce mrugn\u0105 do siebie okiem i ju\u017c wiedz\u0105, o co chodzi. I \u017ce raz na jaki\u015b czas spotkaj\u0105 si\u0119 w krzakach, np. w Parku Jordana, i zrzuc\u0105 to z siebie, przynajmniej na chwil\u0119. Oka\u017ce si\u0119 wtedy, \u017ce na ten jeden moment powstanie co\u015b, co ma sw\u00f3j sens, cho\u0107 jest zupe\u0142nie inne; co odlatuje nieskr\u0119powane, ku uciesze zniewolonych tw\u00f3rc\u00f3w, kt\u00f3rzy, si\u0142\u0105 rzeczy, musz\u0105 pozosta\u0107 na ziemi.<\/p>\n<p><img fetchpriority=\"high\" decoding=\"async\" src=\"wp-content\/uploads\/2019\/03\/SPN_Baga097.jpg\" alt=\"SPN B\u0105d\u017acie z nami, Ewa Pawlik, fot. Piotr Kubic\" width=\"500\" height=\"333\" \/><\/p>\n<p>Oto zdj\u0119cie zza sceny, z wczorajszego &#8222;Widowiska artystycznego dzieci i m\u0142odzie\u017cy niepe\u0142nosprawnej&#8221;. Zdj\u0119cie strzelone w ciasnym fragmencie korytarza, mi\u0119dzy g\u0142owami i ramionami uczestnik\u00f3w, przy pulpicie inspicjenta, z lewej jest wej\u015bcie na scen\u0119. W centrum &#8211; prowadz\u0105ca Ewa Pawlik, wok\u00f3\u0142 Zarz\u0105d Stowarzyszenia Pomocy Niepe\u0142nosprawnym &#8222;B\u0105d\u017acie z nami&#8221;, z ty\u0142u &#8211; opiekunki oraz dzieci, kt\u00f3re zaraz wejd\u0105 na scen\u0119. To obraz jakiego\u015b szale\u0144stwa, kt\u00f3re musi si\u0119 zdarzy\u0107, aby do skutku dosz\u0142a taka impreza. \u017be te papiery, kt\u00f3re trzeba trzyma\u0107 w r\u0119ku, ta ciasnota korytarza, w kt\u00f3rej ubieraj\u0105 kostiumy dzieci, \u017ce po\u015bpiech, stres, ekscytacja, \u017ce to wszystko naraz to kosmos jaki\u015b, kt\u00f3ry p\u0105czkuje na trzy godziny, a potem zwija si\u0119 w osobliwo\u015b\u0107, pozostaj\u0105c\u0105 w naszej pami\u0119ci. <\/p>\n","protected":false},"excerpt":{"rendered":"<p>Czasem dopada mnie &#8230;<\/p>\n","protected":false},"author":1,"featured_media":0,"comment_status":"open","ping_status":"open","sticky":false,"template":"","format":"standard","meta":{"footnotes":""},"categories":[27],"tags":[339,271,70],"_links":{"self":[{"href":"http:\/\/niecodziennosc.kubic.info\/index.php?rest_route=\/wp\/v2\/posts\/7379"}],"collection":[{"href":"http:\/\/niecodziennosc.kubic.info\/index.php?rest_route=\/wp\/v2\/posts"}],"about":[{"href":"http:\/\/niecodziennosc.kubic.info\/index.php?rest_route=\/wp\/v2\/types\/post"}],"author":[{"embeddable":true,"href":"http:\/\/niecodziennosc.kubic.info\/index.php?rest_route=\/wp\/v2\/users\/1"}],"replies":[{"embeddable":true,"href":"http:\/\/niecodziennosc.kubic.info\/index.php?rest_route=%2Fwp%2Fv2%2Fcomments&post=7379"}],"version-history":[{"count":0,"href":"http:\/\/niecodziennosc.kubic.info\/index.php?rest_route=\/wp\/v2\/posts\/7379\/revisions"}],"wp:attachment":[{"href":"http:\/\/niecodziennosc.kubic.info\/index.php?rest_route=%2Fwp%2Fv2%2Fmedia&parent=7379"}],"wp:term":[{"taxonomy":"category","embeddable":true,"href":"http:\/\/niecodziennosc.kubic.info\/index.php?rest_route=%2Fwp%2Fv2%2Fcategories&post=7379"},{"taxonomy":"post_tag","embeddable":true,"href":"http:\/\/niecodziennosc.kubic.info\/index.php?rest_route=%2Fwp%2Fv2%2Ftags&post=7379"}],"curies":[{"name":"wp","href":"https:\/\/api.w.org\/{rel}","templated":true}]}}