{"id":7381,"date":"2015-05-06T20:51:06","date_gmt":"2015-05-06T18:51:06","guid":{"rendered":"http:\/\/niecodziennosc.kubic.info\/index.php\/2015\/05\/06\/wiosenny-deszcz-jest-zdrowy\/"},"modified":"2015-05-06T20:51:06","modified_gmt":"2015-05-06T18:51:06","slug":"wiosenny-deszcz-jest-zdrowy","status":"publish","type":"post","link":"http:\/\/niecodziennosc.kubic.info\/?p=7381","title":{"rendered":"Wiosenny deszcz jest zdrowy"},"content":{"rendered":"<p>Beniamin:<br \/>&#8211; Tato, czy wiosenny deszcz jest zdrowy?<br \/>&#8211; &#8230;<br \/>&#8211; Czy wiosenny deszcz jest zdrowy?<br \/>&#8211; Ale co tam! Dlaczego ma by\u0107 zdrowy? Jest taki, jak ka\u017cdy inny. Co ci przysz\u0142o do g\u0142owy&#8230;?<br \/>&#8211; A pani m\u00f3wi\u0142a, \u017ce jest zdrowy. <br \/>&#8211; A&#8230; No je\u015bli pani m\u00f3wi\u0142a&#8230; Rzeczywi\u015bcie, wiosenny deszcz mo\u017ce by\u0107 inny od np. jesiennego. Bo je\u015bli jest ciep\u0142o&#8230; Wiesz, to mo\u017cliwe, \u017ce wiosenny deszcz jest taki&#8230; szczeg\u00f3lny&#8230;<\/p>\n<p>Dzi\u015b rano zmyli\u0142y mnie chmury. Wychodz\u0105c z dzie\u0107mi do szko\u0142y ubra\u0142em si\u0119 w koszul\u0119 z d\u0142ugim r\u0119kawem, ciep\u0142y sweter i kurtk\u0119. Dzieci maj\u0105 z g\u00f3rki do szko\u0142y, wi\u0119c wracaj\u0105c do\u015b\u0107 szybko zdj\u0105\u0142em kurtk\u0119. By\u0142o ciep\u0142o, mimo m\u017cawki. A wieczorem, gdy wysiad\u0142em z autobusu, pada\u0142 deszcz wiosenny, przez kt\u00f3ry bieg\u0142em, by nie tak bardzo zmokn\u0105\u0107. Chyba niepotrzebnie, bo rzeczywi\u015bcie, w gasn\u0105cym \u015bwietle dnia ciep\u0142e opary deszczu zdawa\u0142y si\u0119 dzia\u0142a\u0107 leczniczo&#8230;<\/p>\n<p><img fetchpriority=\"high\" decoding=\"async\" src=\"wp-content\/uploads\/2019\/03\/pociag_F1A4529.jpg\" alt=\"Poci\u0105g w Darmstadt, fot. Piotr Kubic\" width=\"500\" height=\"333\" \/><\/p>\n","protected":false},"excerpt":{"rendered":"<p>Beniamin:<br ...\n<\/p>\n","protected":false},"author":1,"featured_media":0,"comment_status":"open","ping_status":"open","sticky":false,"template":"","format":"standard","meta":{"footnotes":""},"categories":[27],"tags":[373,877,435,558,676,432,166],"_links":{"self":[{"href":"http:\/\/niecodziennosc.kubic.info\/index.php?rest_route=\/wp\/v2\/posts\/7381"}],"collection":[{"href":"http:\/\/niecodziennosc.kubic.info\/index.php?rest_route=\/wp\/v2\/posts"}],"about":[{"href":"http:\/\/niecodziennosc.kubic.info\/index.php?rest_route=\/wp\/v2\/types\/post"}],"author":[{"embeddable":true,"href":"http:\/\/niecodziennosc.kubic.info\/index.php?rest_route=\/wp\/v2\/users\/1"}],"replies":[{"embeddable":true,"href":"http:\/\/niecodziennosc.kubic.info\/index.php?rest_route=%2Fwp%2Fv2%2Fcomments&post=7381"}],"version-history":[{"count":0,"href":"http:\/\/niecodziennosc.kubic.info\/index.php?rest_route=\/wp\/v2\/posts\/7381\/revisions"}],"wp:attachment":[{"href":"http:\/\/niecodziennosc.kubic.info\/index.php?rest_route=%2Fwp%2Fv2%2Fmedia&parent=7381"}],"wp:term":[{"taxonomy":"category","embeddable":true,"href":"http:\/\/niecodziennosc.kubic.info\/index.php?rest_route=%2Fwp%2Fv2%2Fcategories&post=7381"},{"taxonomy":"post_tag","embeddable":true,"href":"http:\/\/niecodziennosc.kubic.info\/index.php?rest_route=%2Fwp%2Fv2%2Ftags&post=7381"}],"curies":[{"name":"wp","href":"https:\/\/api.w.org\/{rel}","templated":true}]}}