{"id":7384,"date":"2015-05-01T20:48:37","date_gmt":"2015-05-01T18:48:37","guid":{"rendered":"http:\/\/niecodziennosc.kubic.info\/index.php\/2015\/05\/01\/pieciozlotowka\/"},"modified":"2015-05-01T20:48:37","modified_gmt":"2015-05-01T18:48:37","slug":"pieciozlotowka","status":"publish","type":"post","link":"http:\/\/niecodziennosc.kubic.info\/?p=7384","title":{"rendered":"Pi\u0119cioz\u0142ot\u00f3wka"},"content":{"rendered":"<p>Teresa powiedzia\u0142a mi kilka s\u0142\u00f3w o swoich snach z tych dni, w kt\u00f3rych le\u017ca\u0142a na oddziale intensywnej terapii. By\u0142a nieprzytomna prawie dwa tygodnie. Wydawa\u0142o mi si\u0119, \u017ce cz\u0142owiek nieprzytomny nie cierpi, bo nie czuje b\u00f3lu, nie wie te\u017c, \u017ce le\u017cy, po prostu nic nie wie. Tak my\u015bla\u0142em do niedawna. Opowie\u015b\u0107 Teresy u\u015bwiadomi\u0142a mi, \u017ce mog\u0119 si\u0119 myli\u0107. A skoro cz\u0142owiek nieprzytomny mo\u017ce co\u015b prze\u017cywa\u0107, to otwiera wachlarz najr\u00f3\u017cniejszych mo\u017cliwo\u015bci, z kt\u00f3rych co najmniej po\u0142owa (statystycznie rzecz bior\u0105c), nie wygl\u0105da zach\u0119caj\u0105co.<\/p>\n<p>Jeden m\u00f3j lunatyczny spacer w nocy z niedzieli na poniedzia\u0142ek odbija\u0142 si\u0119 silnym, depresyjnym echem przez kilka dni. A gdybym \u015bni\u0142 koszmary ca\u0142y tydzie\u0144? Po takim okresie mo\u017cna mie\u0107 trudno\u015bci z powrotem do r\u00f3wnowagi, do pozytywnego kontaktu z otoczeniem&#8230;<\/p>\n<p>Nad \u0142\u00f3\u017ckiem Teresy wydaje si\u0119 co\u015b by\u0107. Ale ci, kt\u00f3rzy tu przychodz\u0105, na wszelki wypadek nie podnosz\u0105 g\u0142owy do g\u00f3ry. Tak naprawd\u0119 nikt nie wie, czy to co\u015b tam jest, ale nikomu nie spieszy si\u0119, by to wyja\u015bnia\u0107. Zreszt\u0105, powiedzmy sobie szczerze, tego wyja\u015bni\u0107 si\u0119 nie da, a nawet, gdyby si\u0119 da\u0142o, to my raczej tego nie chcieliby\u015bmy. Tak wi\u0119c nie zadajemy g\u0142o\u015bno niepotrzebnego pytania, a nawet je\u015bli po cichu jest sobie zadajemy, to wynika to z naszej lekkomy\u015blno\u015bci, niekonsekwencji.<\/p>\n<p><img fetchpriority=\"high\" decoding=\"async\" src=\"wp-content\/uploads\/2019\/03\/ogrod_dziwny_F1A4482.jpg\" alt=\"Ogr\u00f3d fot. Piotr Kubic\" width=\"500\" height=\"333\" \/><\/p>\n<p>W pokoju obok le\u017cy Joanna, kt\u00f3ra te\u017c niedawno wr\u00f3ci\u0142a ze szpitala. M\u00f3wi o wiele mniej ni\u017c Teresa. Poprosi\u0142a, \u017cebym odwin\u0105\u0142 jej d\u0142o\u0144. Jej d\u0142o\u0144 by\u0142a pod ko\u0142dr\u0105, a gdy pr\u00f3bowa\u0142em j\u0105 wyci\u0105gn\u0105\u0107, na jej twarzy pojawi\u0142y si\u0119 grymasy. D\u0142o\u0144 by\u0142a owini\u0119ta szerokim, bia\u0142ym plastrem, a na przegubie zobaczy\u0142em ciemn\u0105, tward\u0105, wypuk\u0142\u0105 naro\u015bl wielko\u015bci pi\u0119cioz\u0142ot\u00f3wki. Pomy\u015bla\u0142em, \u017ce niedawno by\u0142 tam wenflon. Potem wenflon przeniesiono na d\u0142o\u0144 i w\u0142a\u015bnie dlatego teraz jest zawini\u0119ta. Nie mog\u0119 odwin\u0105\u0107 d\u0142oni, Joanna powinna o tym wiedzie\u0107, bo zna mnie od dw\u00f3ch lat i wie, \u017ce nie jestem piel\u0119gniarzem ani opiekunem. To znaczy &#8211; wiedzia\u0142a, \u017ce nim nie jestem&#8230;<\/p>\n","protected":false},"excerpt":{"rendered":"<p>Teresa powiedzia\u0142a mi&#8230;<\/p>\n","protected":false},"author":1,"featured_media":0,"comment_status":"open","ping_status":"open","sticky":false,"template":"","format":"standard","meta":{"footnotes":""},"categories":[24],"tags":[108,607,901],"_links":{"self":[{"href":"http:\/\/niecodziennosc.kubic.info\/index.php?rest_route=\/wp\/v2\/posts\/7384"}],"collection":[{"href":"http:\/\/niecodziennosc.kubic.info\/index.php?rest_route=\/wp\/v2\/posts"}],"about":[{"href":"http:\/\/niecodziennosc.kubic.info\/index.php?rest_route=\/wp\/v2\/types\/post"}],"author":[{"embeddable":true,"href":"http:\/\/niecodziennosc.kubic.info\/index.php?rest_route=\/wp\/v2\/users\/1"}],"replies":[{"embeddable":true,"href":"http:\/\/niecodziennosc.kubic.info\/index.php?rest_route=%2Fwp%2Fv2%2Fcomments&post=7384"}],"version-history":[{"count":0,"href":"http:\/\/niecodziennosc.kubic.info\/index.php?rest_route=\/wp\/v2\/posts\/7384\/revisions"}],"wp:attachment":[{"href":"http:\/\/niecodziennosc.kubic.info\/index.php?rest_route=%2Fwp%2Fv2%2Fmedia&parent=7384"}],"wp:term":[{"taxonomy":"category","embeddable":true,"href":"http:\/\/niecodziennosc.kubic.info\/index.php?rest_route=%2Fwp%2Fv2%2Fcategories&post=7384"},{"taxonomy":"post_tag","embeddable":true,"href":"http:\/\/niecodziennosc.kubic.info\/index.php?rest_route=%2Fwp%2Fv2%2Ftags&post=7384"}],"curies":[{"name":"wp","href":"https:\/\/api.w.org\/{rel}","templated":true}]}}