{"id":7389,"date":"2015-04-26T23:49:35","date_gmt":"2015-04-26T21:49:35","guid":{"rendered":"http:\/\/niecodziennosc.kubic.info\/index.php\/2015\/04\/26\/podroze-w-wyobrazni\/"},"modified":"2015-04-26T23:49:35","modified_gmt":"2015-04-26T21:49:35","slug":"podroze-w-wyobrazni","status":"publish","type":"post","link":"http:\/\/niecodziennosc.kubic.info\/?p=7389","title":{"rendered":"Podr\u00f3\u017ce w wyobra\u017ani"},"content":{"rendered":"<p>Tak wyra\u017anie zda\u0142em sobie spraw\u0119 przed kilkoma dniami, \u017ce fotografia wymaga ode mnie po prostu przebywania w r\u00f3\u017cnych miejscach. I jakby niczego wi\u0119cej, na tym wst\u0119pnym etapie. Wymaga w\u0142\u00f3czenia si\u0119. Nudzenia si\u0119, tu i tam. Najlepiej, je\u015bli robi\u0119 to (w zasadzie wygl\u0105da to tak, jakbym nie robi\u0142 niczego) z pewn\u0105 my\u015bl\u0105, wykre\u015blonym celem. B\u0119d\u0105c w r\u00f3\u017cnych miejscach zbieram w wyobra\u017ani elementy z nich pochodz\u0105ce, przymierzam je do siebie, tworz\u0119 r\u00f3\u017cne konfiguracje. W wyobra\u017ani tworz\u0119 zdj\u0119cie &#8211; ustawiam kadr, naciskam spust, a potem patrz\u0119 na fotografi\u0119, ci\u0105gle w wyobra\u017ani. Przyk\u0142adam te\u017c t\u0119 fotografi\u0119 do innych, kt\u00f3re zrobi\u0142em wcze\u015bniej, albo kt\u00f3re mam dopiero zamiar zrobi\u0107. Kontempluj\u0105c t\u0119 nieistniej\u0105c\u0105 jeszcze wystaw\u0119 zastanawiam si\u0119, co ona wyra\u017ca. Przewieszam zdj\u0119cia, jedne powi\u0119kszam inne pomniejszam, niekt\u00f3re zdejmuj\u0119 ze \u015bciany i w to miejsce powo\u0142uj\u0119 do \u017cycia inne.<\/p>\n<p><img fetchpriority=\"high\" decoding=\"async\" src=\"wp-content\/uploads\/2019\/03\/wazonogrod_F1A4784.jpg\" alt=\"Szcz\u0105tki na ogrodzie\" width=\"500\" height=\"333\" \/><\/p>\n<p>W ten spos\u00f3b powoli, prawie niedostrzegalnie posuwam si\u0119 w pracy, kt\u00f3rej nie wida\u0107, bo to wszystko dzieje si\u0119 w wyobra\u017ani. Przechodz\u0119 r\u00f3\u017cne etapy, odrzucam kolejne warianty, czasem powracam do pocz\u0105tkowych.<\/p>\n<p>Niesamowite, bo jest to podr\u00f3\u017c przez nieznan\u0105 krain\u0119. Cho\u0107 mog\u0119 przypuszcza\u0107, to nigdy nie wiem, co objawi si\u0119 za chwil\u0119, do jakiego wniosku dojd\u0119.<\/p>\n","protected":false},"excerpt":{"rendered":"<p>Tak wyra\u017anie zda\u0142em &#8230;<\/p>\n","protected":false},"author":1,"featured_media":0,"comment_status":"open","ping_status":"open","sticky":false,"template":"","format":"standard","meta":{"footnotes":""},"categories":[35],"tags":[339,208,70],"_links":{"self":[{"href":"http:\/\/niecodziennosc.kubic.info\/index.php?rest_route=\/wp\/v2\/posts\/7389"}],"collection":[{"href":"http:\/\/niecodziennosc.kubic.info\/index.php?rest_route=\/wp\/v2\/posts"}],"about":[{"href":"http:\/\/niecodziennosc.kubic.info\/index.php?rest_route=\/wp\/v2\/types\/post"}],"author":[{"embeddable":true,"href":"http:\/\/niecodziennosc.kubic.info\/index.php?rest_route=\/wp\/v2\/users\/1"}],"replies":[{"embeddable":true,"href":"http:\/\/niecodziennosc.kubic.info\/index.php?rest_route=%2Fwp%2Fv2%2Fcomments&post=7389"}],"version-history":[{"count":0,"href":"http:\/\/niecodziennosc.kubic.info\/index.php?rest_route=\/wp\/v2\/posts\/7389\/revisions"}],"wp:attachment":[{"href":"http:\/\/niecodziennosc.kubic.info\/index.php?rest_route=%2Fwp%2Fv2%2Fmedia&parent=7389"}],"wp:term":[{"taxonomy":"category","embeddable":true,"href":"http:\/\/niecodziennosc.kubic.info\/index.php?rest_route=%2Fwp%2Fv2%2Fcategories&post=7389"},{"taxonomy":"post_tag","embeddable":true,"href":"http:\/\/niecodziennosc.kubic.info\/index.php?rest_route=%2Fwp%2Fv2%2Ftags&post=7389"}],"curies":[{"name":"wp","href":"https:\/\/api.w.org\/{rel}","templated":true}]}}